{"id":125317,"date":"2021-08-27T06:11:00","date_gmt":"2021-08-27T10:11:00","guid":{"rendered":"https:\/\/linitiative.ca\/International\/tunisie-lindependance-de-la-justice-est-elle-lobjectif\/"},"modified":"2021-08-27T06:11:00","modified_gmt":"2021-08-27T10:11:00","slug":"tunisie-lindependance-de-la-justice-est-elle-lobjectif","status":"publish","type":"post","link":"https:\/\/linitiative.ca\/International\/tunisie-lindependance-de-la-justice-est-elle-lobjectif\/","title":{"rendered":"Tunisie: l\u2019ind\u00e9pendance de la justice est- elle l\u2019objectif ?"},"content":{"rendered":"<div><img decoding=\"async\" src=\"https:\/\/linitiative.ca\/International\/wp-content\/uploads\/sites\/23\/2021\/08\/1630056353_article.jpg\" alt=\"Tunisie: l\u2019ind\u00e9pendance de la justice est- elle l\u2019objectif ?\" align=\"left\">Par Ezedine Hadj-Mabrouk &#8211; Depuis l&rsquo;entr\u00e9e en vigueur de l\u2019\u00e9tat d\u2019exception du 25 juillet 2021 qui semblait annoncer l\u2019av\u00e8nement d\u2019une \u00e8re nouvelle de justice, cette derni\u00e8re n\u2019a fait qu\u2019occuper le devant de la sc\u00e8ne notamment apr\u00e8s la lev\u00e9e de l\u2019immunit\u00e9 des d\u00e9put\u00e9s de l\u2019ARP et les d\u00e9clarations r\u00e9p\u00e9t\u00e9es du Pr\u00e9sident Kais Saied de guerre contre la corruption (Al-Fass\u00e8d).\u00a0 En r\u00e9action, beaucoup de ceux qui ont fait de l\u2019instrumentalisation de la justice leur sport pr\u00e9f\u00e9r\u00e9 ont commenc\u00e9 \u00e0 verser des larmes de crocodile sur les risques de perdre \u00ab\u00a0l\u2019ind\u00e9pendance\u00a0\u00bb de la justice telle qu\u2019on l&rsquo;a pratiqu\u00e9e !\u00a0 Un deuxi\u00e8me groupe d\u2019\u00e9ternels &#8230;<\/p>\n<\/div>\n<p>Auteur:<br \/>\n<a href=\"https:\/\/www.leaders.com.tn\/article\/32336-tunisie-l-independance-de-la-justice-est-elle-l-objectif\">Cliquez ici pour lire l&rsquo;article depuis sa source.<\/a><\/p>\n","protected":false},"excerpt":{"rendered":"<p>Par Ezedine Hadj-Mabrouk &#8211; Depuis l&rsquo;entr\u00e9e en vigueur de l\u2019\u00e9tat d\u2019exception du 25 juillet 2021 qui semblait annoncer l\u2019av\u00e8nement d\u2019une \u00e8re nouvelle de justice, cette derni\u00e8re n\u2019a fait qu\u2019occuper le devant de la sc\u00e8ne notamment apr\u00e8s la lev\u00e9e de l\u2019immunit\u00e9 des d\u00e9put\u00e9s de l\u2019ARP et les d\u00e9clarations r\u00e9p\u00e9t\u00e9es du Pr\u00e9sident Kais Saied de guerre contre [&hellip;]<\/p>\n","protected":false},"author":1772,"featured_media":0,"comment_status":"closed","ping_status":"closed","sticky":false,"template":"","format":"standard","meta":{"fifu_image_url":"http:\/\/www.leaders.com.tn\/uploads\/content\/thumbnails_small\/1630056353_article.jpg","fifu_image_alt":"Tunisie: l\u2019ind\u00e9pendance de la justice est- elle l\u2019objectif ?","footnotes":""},"categories":[73,55],"tags":[],"class_list":["post-125317","post","type-post","status-publish","format-standard","hentry","category-actualite","category-tunisie"],"_links":{"self":[{"href":"https:\/\/linitiative.ca\/International\/wp-json\/wp\/v2\/posts\/125317","targetHints":{"allow":["GET"]}}],"collection":[{"href":"https:\/\/linitiative.ca\/International\/wp-json\/wp\/v2\/posts"}],"about":[{"href":"https:\/\/linitiative.ca\/International\/wp-json\/wp\/v2\/types\/post"}],"author":[{"embeddable":true,"href":"https:\/\/linitiative.ca\/International\/wp-json\/wp\/v2\/users\/1772"}],"replies":[{"embeddable":true,"href":"https:\/\/linitiative.ca\/International\/wp-json\/wp\/v2\/comments?post=125317"}],"version-history":[{"count":0,"href":"https:\/\/linitiative.ca\/International\/wp-json\/wp\/v2\/posts\/125317\/revisions"}],"wp:attachment":[{"href":"https:\/\/linitiative.ca\/International\/wp-json\/wp\/v2\/media?parent=125317"}],"wp:term":[{"taxonomy":"category","embeddable":true,"href":"https:\/\/linitiative.ca\/International\/wp-json\/wp\/v2\/categories?post=125317"},{"taxonomy":"post_tag","embeddable":true,"href":"https:\/\/linitiative.ca\/International\/wp-json\/wp\/v2\/tags?post=125317"}],"curies":[{"name":"wp","href":"https:\/\/api.w.org\/{rel}","templated":true}]}}