{"id":125319,"date":"2021-08-27T07:26:00","date_gmt":"2021-08-27T11:26:00","guid":{"rendered":"https:\/\/linitiative.ca\/International\/de-letat-dexception-vers-une-justice-dexception-en-tunisie-le-premier-bilan-du-25-juillet-2021-au-25-aout-2021\/"},"modified":"2021-08-27T07:26:00","modified_gmt":"2021-08-27T11:26:00","slug":"de-letat-dexception-vers-une-justice-dexception-en-tunisie-le-premier-bilan-du-25-juillet-2021-au-25-aout-2021","status":"publish","type":"post","link":"https:\/\/linitiative.ca\/International\/de-letat-dexception-vers-une-justice-dexception-en-tunisie-le-premier-bilan-du-25-juillet-2021-au-25-aout-2021\/","title":{"rendered":"De l\u2019Etat d\u2019exception vers une justice d\u2019exception en Tunisie? Le premier bilan : Du 25 juillet 2021 au 25 ao\u00fbt 2021"},"content":{"rendered":"<div><img decoding=\"async\" src=\"https:\/\/linitiative.ca\/International\/wp-content\/uploads\/sites\/23\/2021\/08\/1630067753_article.jpg\" alt=\"De l\u2019Etat d\u2019exception vers une justice d\u2019exception? Le premier bilan : Du 25 juillet 2021 au 25 ao\u00fbt 2021\" align=\"left\">Par Najet Brahmi Zouaoui<br \/>\n1- Depuis le discours pr\u00e9sidentiel du 25 Juillet 2021, plusieurs r\u00e9v\u00e9lations ont \u00e9t\u00e9 \u00e9vent\u00e9es concernant l\u2019implication de plusieurs cadres de l\u2019Etat dans un r\u00e9seau de criminalit\u00e9 alarmant. Les r\u00e9seaux sociaux ont \u00e9t\u00e9 \u00e0 nouveau au rendez-vous pour partager des faits \u00e9rig\u00e9s le plus souvent au rang de scandales. Des voix\u00a0 ont revendiqu\u00e9 une \u00e9galit\u00e9 dans la conduite des dossiers et d\u00e9nonc\u00e9 une injustice \u00e0 deux vitesses. La corruption serait \u00e0 la t\u00eate des infractions d\u00e9nonc\u00e9es et r\u00e9v\u00e9l\u00e9es sans oublier bien s\u00fbr les r\u00e9v\u00e9lations \u00f4 combien choquantes li\u00e9es au dossier des homicides de Chokri Belaid et de Mohamed Brahmi(1).\u00a0<br \/>\n2- Mais &#8230;<\/p>\n<\/div>\n<p>Auteur:<br \/>\n<a href=\"https:\/\/www.leaders.com.tn\/article\/32337-de-l-etat-d-exception-vers-une-justice-d-exception-le-premier-bilan-du-25-juillet-2021-au-25-aout-2021\">Cliquez ici pour lire l&rsquo;article depuis sa source.<\/a><\/p>\n","protected":false},"excerpt":{"rendered":"<p>Par Najet Brahmi Zouaoui 1- Depuis le discours pr\u00e9sidentiel du 25 Juillet 2021, plusieurs r\u00e9v\u00e9lations ont \u00e9t\u00e9 \u00e9vent\u00e9es concernant l\u2019implication de plusieurs cadres de l\u2019Etat dans un r\u00e9seau de criminalit\u00e9 alarmant. Les r\u00e9seaux sociaux ont \u00e9t\u00e9 \u00e0 nouveau au rendez-vous pour partager des faits \u00e9rig\u00e9s le plus souvent au rang de scandales. Des voix\u00a0 ont [&hellip;]<\/p>\n","protected":false},"author":1772,"featured_media":0,"comment_status":"closed","ping_status":"closed","sticky":false,"template":"","format":"standard","meta":{"fifu_image_url":"http:\/\/www.leaders.com.tn\/uploads\/content\/thumbnails_small\/1630067753_article.jpg","fifu_image_alt":"De l\u2019Etat d\u2019exception vers une justice d\u2019exception en Tunisie? Le premier bilan : Du 25 juillet 2021 au 25 ao\u00fbt 2021","footnotes":""},"categories":[73,55],"tags":[],"class_list":["post-125319","post","type-post","status-publish","format-standard","hentry","category-actualite","category-tunisie"],"_links":{"self":[{"href":"https:\/\/linitiative.ca\/International\/wp-json\/wp\/v2\/posts\/125319","targetHints":{"allow":["GET"]}}],"collection":[{"href":"https:\/\/linitiative.ca\/International\/wp-json\/wp\/v2\/posts"}],"about":[{"href":"https:\/\/linitiative.ca\/International\/wp-json\/wp\/v2\/types\/post"}],"author":[{"embeddable":true,"href":"https:\/\/linitiative.ca\/International\/wp-json\/wp\/v2\/users\/1772"}],"replies":[{"embeddable":true,"href":"https:\/\/linitiative.ca\/International\/wp-json\/wp\/v2\/comments?post=125319"}],"version-history":[{"count":0,"href":"https:\/\/linitiative.ca\/International\/wp-json\/wp\/v2\/posts\/125319\/revisions"}],"wp:attachment":[{"href":"https:\/\/linitiative.ca\/International\/wp-json\/wp\/v2\/media?parent=125319"}],"wp:term":[{"taxonomy":"category","embeddable":true,"href":"https:\/\/linitiative.ca\/International\/wp-json\/wp\/v2\/categories?post=125319"},{"taxonomy":"post_tag","embeddable":true,"href":"https:\/\/linitiative.ca\/International\/wp-json\/wp\/v2\/tags?post=125319"}],"curies":[{"name":"wp","href":"https:\/\/api.w.org\/{rel}","templated":true}]}}