{"id":125321,"date":"2021-08-27T08:15:00","date_gmt":"2021-08-27T12:15:00","guid":{"rendered":"https:\/\/linitiative.ca\/International\/carthage-cement-organise-pour-ses-employes-deux-jours-de-vaccination-contre-le-coronavirus\/"},"modified":"2021-08-27T08:15:00","modified_gmt":"2021-08-27T12:15:00","slug":"carthage-cement-organise-pour-ses-employes-deux-jours-de-vaccination-contre-le-coronavirus","status":"publish","type":"post","link":"https:\/\/linitiative.ca\/International\/carthage-cement-organise-pour-ses-employes-deux-jours-de-vaccination-contre-le-coronavirus\/","title":{"rendered":"Carthage Cement organise pour ses employ\u00e9s deux jours de vaccination contre le coronavirus"},"content":{"rendered":"<div><img decoding=\"async\" src=\"https:\/\/linitiative.ca\/International\/wp-content\/uploads\/sites\/23\/2021\/08\/1630063305_article.jpg\" alt=\"Carthage Cement organise pour ses employ\u00e9s deux jours de vaccination contre le coronavirus\" align=\"left\">Dans le cadre de son engagement pour soutenir la campagne nationale de lutte contre le Coronavirus et dans l&rsquo;int\u00e9r\u00eat de la s\u00e9curit\u00e9 de ses employ\u00e9s, la soci\u00e9t\u00e9 Carthage Cement a organis\u00e9 une campagne de vaccination les 23 et 24 ao\u00fbt 2021.<br \/>\nCette campagne a \u00e9t\u00e9 organis\u00e9e en collaboration avec la m\u00e9decine de travail, l\u2019inspection de travail et de la s\u00e9curit\u00e9 professionnelle en pr\u00e9sence d\u2019un m\u00e9decin anesth\u00e9siste-r\u00e9animateur. La vaccination s\u2019est d\u00e9roul\u00e9e \u00e0 l\u2019infirmerie de la soci\u00e9t\u00e9 \u00e0 Djebel Ressas dans le gouvernorat de Ben Arous.<\/p>\n<p>Notant que toutes les mesures de pr\u00e9caution sanitaire ont \u00e9t\u00e9 prises tout au long des jours de la campagne de vaccination, &#8230;<\/p>\n<\/div>\n<p>Auteur:<br \/>\n<a href=\"https:\/\/www.leaders.com.tn\/article\/32338-carthage-cement-organise-pour-ses-employes-deux-jours-de-vaccination-contre-le-coronavirus\">Cliquez ici pour lire l&rsquo;article depuis sa source.<\/a><\/p>\n","protected":false},"excerpt":{"rendered":"<p>Dans le cadre de son engagement pour soutenir la campagne nationale de lutte contre le Coronavirus et dans l&rsquo;int\u00e9r\u00eat de la s\u00e9curit\u00e9 de ses employ\u00e9s, la soci\u00e9t\u00e9 Carthage Cement a organis\u00e9 une campagne de vaccination les 23 et 24 ao\u00fbt 2021. Cette campagne a \u00e9t\u00e9 organis\u00e9e en collaboration avec la m\u00e9decine de travail, l\u2019inspection de [&hellip;]<\/p>\n","protected":false},"author":1772,"featured_media":0,"comment_status":"closed","ping_status":"closed","sticky":false,"template":"","format":"standard","meta":{"fifu_image_url":"http:\/\/www.leaders.com.tn\/uploads\/content\/thumbnails_small\/1630063305_article.jpg","fifu_image_alt":"Carthage Cement organise pour ses employ\u00e9s deux jours de vaccination contre le coronavirus","footnotes":""},"categories":[73,55],"tags":[],"class_list":["post-125321","post","type-post","status-publish","format-standard","hentry","category-actualite","category-tunisie"],"_links":{"self":[{"href":"https:\/\/linitiative.ca\/International\/wp-json\/wp\/v2\/posts\/125321","targetHints":{"allow":["GET"]}}],"collection":[{"href":"https:\/\/linitiative.ca\/International\/wp-json\/wp\/v2\/posts"}],"about":[{"href":"https:\/\/linitiative.ca\/International\/wp-json\/wp\/v2\/types\/post"}],"author":[{"embeddable":true,"href":"https:\/\/linitiative.ca\/International\/wp-json\/wp\/v2\/users\/1772"}],"replies":[{"embeddable":true,"href":"https:\/\/linitiative.ca\/International\/wp-json\/wp\/v2\/comments?post=125321"}],"version-history":[{"count":0,"href":"https:\/\/linitiative.ca\/International\/wp-json\/wp\/v2\/posts\/125321\/revisions"}],"wp:attachment":[{"href":"https:\/\/linitiative.ca\/International\/wp-json\/wp\/v2\/media?parent=125321"}],"wp:term":[{"taxonomy":"category","embeddable":true,"href":"https:\/\/linitiative.ca\/International\/wp-json\/wp\/v2\/categories?post=125321"},{"taxonomy":"post_tag","embeddable":true,"href":"https:\/\/linitiative.ca\/International\/wp-json\/wp\/v2\/tags?post=125321"}],"curies":[{"name":"wp","href":"https:\/\/api.w.org\/{rel}","templated":true}]}}