{"id":125325,"date":"2021-08-27T12:18:28","date_gmt":"2021-08-27T16:18:28","guid":{"rendered":"https:\/\/linitiative.ca\/International\/les-juifs-du-maroc-victimes-de-la-shoah-ne-seront-pas-indemnises\/"},"modified":"2021-08-27T12:18:28","modified_gmt":"2021-08-27T16:18:28","slug":"les-juifs-du-maroc-victimes-de-la-shoah-ne-seront-pas-indemnises","status":"publish","type":"post","link":"https:\/\/linitiative.ca\/International\/les-juifs-du-maroc-victimes-de-la-shoah-ne-seront-pas-indemnises\/","title":{"rendered":"Les Juifs du Maroc victimes de la Shoah ne seront pas indemnis\u00e9s"},"content":{"rendered":"<div><img decoding=\"async\" width=\"968\" height=\"579\" src=\"https:\/\/linitiative.ca\/International\/wp-content\/uploads\/sites\/23\/2021\/08\/photo-2.jpg\" class=\"attachment-post-thumbnail size-post-thumbnail wp-post-image\" alt=\"\" loading=\"lazy\" srcset=\"https:\/\/linitiative.ca\/International\/wp-content\/uploads\/sites\/23\/2021\/08\/photo-2.jpg 968w, https:\/\/www.challenge.ma\/wp-content\/uploads\/2021\/08\/photo-2-300x179.jpg 300w, https:\/\/www.challenge.ma\/wp-content\/uploads\/2021\/08\/photo-2-768x459.jpg 768w, https:\/\/www.challenge.ma\/wp-content\/uploads\/2021\/08\/photo-2-360x215.jpg 360w, https:\/\/www.challenge.ma\/wp-content\/uploads\/2021\/08\/photo-2-750x449.jpg 750w\" sizes=\"auto, (max-width: 968px) 100vw, 968px\" itemprop=\"image\">La Cour supr\u00eame isra\u00e9lienne a rendu son verdict ce jeudi 27 ao\u00fbt. Selon la plus haute cour d\u2019Isra\u00ebl, m\u00eame si les Juifs du Maroc ont pu souffrir d\u2019antis\u00e9mitisme pendant la Seconde Guerre mondiale, ils n\u2019ont pas droit \u00e0 une indemnisation en tant que survivants de la Shoah. Les plaignants avaient<\/div>\n<p>Auteur: challenge<br \/>\n<a href=\"https:\/\/www.challenge.ma\/les-juifs-du-maroc-victimes-de-la-shoah-ne-seront-pas-indemnises-196712\/\">Cliquez ici pour lire l&rsquo;article depuis sa source.<\/a><\/p>\n","protected":false},"excerpt":{"rendered":"<p>La Cour supr\u00eame isra\u00e9lienne a rendu son verdict ce jeudi 27 ao\u00fbt. Selon la plus haute cour d\u2019Isra\u00ebl, m\u00eame si les Juifs du Maroc ont pu souffrir d\u2019antis\u00e9mitisme pendant la Seconde Guerre mondiale, ils n\u2019ont pas droit \u00e0 une indemnisation en tant que survivants de la Shoah. Les plaignants avaient Auteur: challenge Cliquez ici pour [&hellip;]<\/p>\n","protected":false},"author":1787,"featured_media":0,"comment_status":"closed","ping_status":"closed","sticky":false,"template":"","format":"standard","meta":{"fifu_image_url":"https:\/\/www.challenge.ma\/wp-content\/uploads\/2021\/08\/photo-2.jpg","fifu_image_alt":"Les Juifs du Maroc victimes de la Shoah ne seront pas indemnis\u00e9s","footnotes":""},"categories":[78,54],"tags":[],"class_list":["post-125325","post","type-post","status-publish","format-standard","hentry","category-economie","category-maroc"],"_links":{"self":[{"href":"https:\/\/linitiative.ca\/International\/wp-json\/wp\/v2\/posts\/125325","targetHints":{"allow":["GET"]}}],"collection":[{"href":"https:\/\/linitiative.ca\/International\/wp-json\/wp\/v2\/posts"}],"about":[{"href":"https:\/\/linitiative.ca\/International\/wp-json\/wp\/v2\/types\/post"}],"author":[{"embeddable":true,"href":"https:\/\/linitiative.ca\/International\/wp-json\/wp\/v2\/users\/1787"}],"replies":[{"embeddable":true,"href":"https:\/\/linitiative.ca\/International\/wp-json\/wp\/v2\/comments?post=125325"}],"version-history":[{"count":0,"href":"https:\/\/linitiative.ca\/International\/wp-json\/wp\/v2\/posts\/125325\/revisions"}],"wp:attachment":[{"href":"https:\/\/linitiative.ca\/International\/wp-json\/wp\/v2\/media?parent=125325"}],"wp:term":[{"taxonomy":"category","embeddable":true,"href":"https:\/\/linitiative.ca\/International\/wp-json\/wp\/v2\/categories?post=125325"},{"taxonomy":"post_tag","embeddable":true,"href":"https:\/\/linitiative.ca\/International\/wp-json\/wp\/v2\/tags?post=125325"}],"curies":[{"name":"wp","href":"https:\/\/api.w.org\/{rel}","templated":true}]}}