{"id":125329,"date":"2021-08-27T15:59:27","date_gmt":"2021-08-27T19:59:27","guid":{"rendered":"https:\/\/linitiative.ca\/International\/intelligence-geostrategique-un-nouvel-axe-mondial-en-voie-de-cristallisation-par-mehdi-hijaouy\/"},"modified":"2021-08-27T15:59:27","modified_gmt":"2021-08-27T19:59:27","slug":"intelligence-geostrategique-un-nouvel-axe-mondial-en-voie-de-cristallisation-par-mehdi-hijaouy","status":"publish","type":"post","link":"https:\/\/linitiative.ca\/International\/intelligence-geostrategique-un-nouvel-axe-mondial-en-voie-de-cristallisation-par-mehdi-hijaouy\/","title":{"rendered":"Intelligence g\u00e9ostrat\u00e9gique. Un nouvel axe mondial, en voie de cristallisation [Par Mehdi Hijaouy]"},"content":{"rendered":"<div><img decoding=\"async\" width=\"590\" height=\"286\" src=\"https:\/\/linitiative.ca\/International\/wp-content\/uploads\/sites\/23\/2021\/08\/IG.jpg\" class=\"attachment-post-thumbnail size-post-thumbnail wp-post-image\" alt=\"\" loading=\"lazy\" srcset=\"https:\/\/linitiative.ca\/International\/wp-content\/uploads\/sites\/23\/2021\/08\/IG.jpg 590w, https:\/\/www.challenge.ma\/wp-content\/uploads\/2021\/08\/IG-300x145.jpg 300w, https:\/\/www.challenge.ma\/wp-content\/uploads\/2021\/08\/IG-360x175.jpg 360w\" sizes=\"auto, (max-width: 590px) 100vw, 590px\" itemprop=\"image\">Bien avant la crise pand\u00e9mique, un projet chinois baptis\u00e9 \u00ab\u00a0Belt and Road initiative\u00a0\u00bb, appel\u00e9 \u00e9galement \u00ab\u00a0One Belt, One Road\u00a0\u00bb, avait \u00e9t\u00e9 augur\u00e9 en 2013 par Xi Jinping, lors d\u2019un discours \u00e0 l\u2019universit\u00e9 Nazarba\u00ebv d\u2019Astana au Karakhstan. Sauf que cette route de la soie ne pr\u00e9sageait, nullement, l\u2019av\u00e8nement d\u2019une s\u00e9rie de<\/div>\n<p>Auteur: challenge<br \/>\n<a href=\"https:\/\/www.challenge.ma\/intelligence-geostrategique-un-nouvel-axe-strategique-mondial-en-voie-de-cristallisation-par-mehdi-hijaouy-196668\/\">Cliquez ici pour lire l&rsquo;article depuis sa source.<\/a><\/p>\n","protected":false},"excerpt":{"rendered":"<p>Bien avant la crise pand\u00e9mique, un projet chinois baptis\u00e9 \u00ab\u00a0Belt and Road initiative\u00a0\u00bb, appel\u00e9 \u00e9galement \u00ab\u00a0One Belt, One Road\u00a0\u00bb, avait \u00e9t\u00e9 augur\u00e9 en 2013 par Xi Jinping, lors d\u2019un discours \u00e0 l\u2019universit\u00e9 Nazarba\u00ebv d\u2019Astana au Karakhstan. Sauf que cette route de la soie ne pr\u00e9sageait, nullement, l\u2019av\u00e8nement d\u2019une s\u00e9rie de Auteur: challenge Cliquez ici pour [&hellip;]<\/p>\n","protected":false},"author":1787,"featured_media":0,"comment_status":"closed","ping_status":"closed","sticky":false,"template":"","format":"standard","meta":{"fifu_image_url":"https:\/\/www.challenge.ma\/wp-content\/uploads\/2021\/08\/IG.jpg","fifu_image_alt":"Intelligence g\u00e9ostrat\u00e9gique. Un nouvel axe mondial, en voie de cristallisation [Par Mehdi Hijaouy]","footnotes":""},"categories":[78,54],"tags":[],"class_list":["post-125329","post","type-post","status-publish","format-standard","hentry","category-economie","category-maroc"],"_links":{"self":[{"href":"https:\/\/linitiative.ca\/International\/wp-json\/wp\/v2\/posts\/125329","targetHints":{"allow":["GET"]}}],"collection":[{"href":"https:\/\/linitiative.ca\/International\/wp-json\/wp\/v2\/posts"}],"about":[{"href":"https:\/\/linitiative.ca\/International\/wp-json\/wp\/v2\/types\/post"}],"author":[{"embeddable":true,"href":"https:\/\/linitiative.ca\/International\/wp-json\/wp\/v2\/users\/1787"}],"replies":[{"embeddable":true,"href":"https:\/\/linitiative.ca\/International\/wp-json\/wp\/v2\/comments?post=125329"}],"version-history":[{"count":0,"href":"https:\/\/linitiative.ca\/International\/wp-json\/wp\/v2\/posts\/125329\/revisions"}],"wp:attachment":[{"href":"https:\/\/linitiative.ca\/International\/wp-json\/wp\/v2\/media?parent=125329"}],"wp:term":[{"taxonomy":"category","embeddable":true,"href":"https:\/\/linitiative.ca\/International\/wp-json\/wp\/v2\/categories?post=125329"},{"taxonomy":"post_tag","embeddable":true,"href":"https:\/\/linitiative.ca\/International\/wp-json\/wp\/v2\/tags?post=125329"}],"curies":[{"name":"wp","href":"https:\/\/api.w.org\/{rel}","templated":true}]}}