{"id":125331,"date":"2021-08-27T16:45:04","date_gmt":"2021-08-27T20:45:04","guid":{"rendered":"https:\/\/linitiative.ca\/International\/sahara-alexander-ivanko-nomme-nouveau-representant-special-du-sg-de-lonu\/"},"modified":"2021-08-27T16:45:04","modified_gmt":"2021-08-27T20:45:04","slug":"sahara-alexander-ivanko-nomme-nouveau-representant-special-du-sg-de-lonu","status":"publish","type":"post","link":"https:\/\/linitiative.ca\/International\/sahara-alexander-ivanko-nomme-nouveau-representant-special-du-sg-de-lonu\/","title":{"rendered":"Sahara: Alexander Ivanko nomm\u00e9 nouveau repr\u00e9sentant sp\u00e9cial du SG de l\u2019ONU"},"content":{"rendered":"<div><img decoding=\"async\" width=\"1200\" height=\"695\" src=\"https:\/\/linitiative.ca\/International\/wp-content\/uploads\/sites\/23\/2021\/08\/onuu.jpg\" class=\"attachment-post-thumbnail size-post-thumbnail wp-post-image\" alt=\"\" loading=\"lazy\" srcset=\"https:\/\/linitiative.ca\/International\/wp-content\/uploads\/sites\/23\/2021\/08\/onuu.jpg 1200w, https:\/\/www.challenge.ma\/wp-content\/uploads\/2021\/08\/onuu-300x174.jpg 300w, https:\/\/www.challenge.ma\/wp-content\/uploads\/2021\/08\/onuu-1024x593.jpg 1024w, https:\/\/www.challenge.ma\/wp-content\/uploads\/2021\/08\/onuu-768x445.jpg 768w, https:\/\/www.challenge.ma\/wp-content\/uploads\/2021\/08\/onuu-360x209.jpg 360w, https:\/\/www.challenge.ma\/wp-content\/uploads\/2021\/08\/onuu-750x434.jpg 750w\" sizes=\"auto, (max-width: 1200px) 100vw, 1200px\" itemprop=\"image\">Le Secr\u00e9taire g\u00e9n\u00e9ral des Nations Unies, Ant\u00f3nio Guterres, a annonc\u00e9 aujourd\u2019hui la nomination d\u2019Alexander Ivanko, de la F\u00e9d\u00e9ration de Russie, en tant que nouveau Repr\u00e9sentant sp\u00e9cial pour le Sahara occidental et chef de la Mission des Nations Unies pour l\u2019organisation d\u2019un r\u00e9f\u00e9rendum au Sahara (MINURSO). Il succ\u00e8de \u00e0 Colin Stewart<\/div>\n<p>Auteur: challenge<br \/>\n<a href=\"https:\/\/www.challenge.ma\/sahara-alexander-ivanko-nomme-nouveau-representant-special-du-sg-de-lonu-196740\/\">Cliquez ici pour lire l&rsquo;article depuis sa source.<\/a><\/p>\n","protected":false},"excerpt":{"rendered":"<p>Le Secr\u00e9taire g\u00e9n\u00e9ral des Nations Unies, Ant\u00f3nio Guterres, a annonc\u00e9 aujourd\u2019hui la nomination d\u2019Alexander Ivanko, de la F\u00e9d\u00e9ration de Russie, en tant que nouveau Repr\u00e9sentant sp\u00e9cial pour le Sahara occidental et chef de la Mission des Nations Unies pour l\u2019organisation d\u2019un r\u00e9f\u00e9rendum au Sahara (MINURSO). Il succ\u00e8de \u00e0 Colin Stewart Auteur: challenge Cliquez ici pour [&hellip;]<\/p>\n","protected":false},"author":1787,"featured_media":0,"comment_status":"closed","ping_status":"closed","sticky":false,"template":"","format":"standard","meta":{"fifu_image_url":"https:\/\/www.challenge.ma\/wp-content\/uploads\/2021\/08\/onuu.jpg","fifu_image_alt":"Sahara: Alexander Ivanko nomm\u00e9 nouveau repr\u00e9sentant sp\u00e9cial du SG de l\u2019ONU","footnotes":""},"categories":[78,54],"tags":[],"class_list":["post-125331","post","type-post","status-publish","format-standard","hentry","category-economie","category-maroc"],"_links":{"self":[{"href":"https:\/\/linitiative.ca\/International\/wp-json\/wp\/v2\/posts\/125331","targetHints":{"allow":["GET"]}}],"collection":[{"href":"https:\/\/linitiative.ca\/International\/wp-json\/wp\/v2\/posts"}],"about":[{"href":"https:\/\/linitiative.ca\/International\/wp-json\/wp\/v2\/types\/post"}],"author":[{"embeddable":true,"href":"https:\/\/linitiative.ca\/International\/wp-json\/wp\/v2\/users\/1787"}],"replies":[{"embeddable":true,"href":"https:\/\/linitiative.ca\/International\/wp-json\/wp\/v2\/comments?post=125331"}],"version-history":[{"count":0,"href":"https:\/\/linitiative.ca\/International\/wp-json\/wp\/v2\/posts\/125331\/revisions"}],"wp:attachment":[{"href":"https:\/\/linitiative.ca\/International\/wp-json\/wp\/v2\/media?parent=125331"}],"wp:term":[{"taxonomy":"category","embeddable":true,"href":"https:\/\/linitiative.ca\/International\/wp-json\/wp\/v2\/categories?post=125331"},{"taxonomy":"post_tag","embeddable":true,"href":"https:\/\/linitiative.ca\/International\/wp-json\/wp\/v2\/tags?post=125331"}],"curies":[{"name":"wp","href":"https:\/\/api.w.org\/{rel}","templated":true}]}}