{"id":125336,"date":"2021-08-27T17:17:56","date_gmt":"2021-08-27T21:17:56","guid":{"rendered":"https:\/\/linitiative.ca\/International\/tunisie-les-milices-islamistes-de-libye-en-colere-contre-saied-et-menacent-le-sud-tunisien\/"},"modified":"2021-08-27T17:17:56","modified_gmt":"2021-08-27T21:17:56","slug":"tunisie-les-milices-islamistes-de-libye-en-colere-contre-saied-et-menacent-le-sud-tunisien","status":"publish","type":"post","link":"https:\/\/linitiative.ca\/International\/tunisie-les-milices-islamistes-de-libye-en-colere-contre-saied-et-menacent-le-sud-tunisien\/","title":{"rendered":"Tunisie \u2013 Les milices islamistes de Libye en col\u00e8re contre Sa\u00efed et menacent le sud tunisien"},"content":{"rendered":"<div>\n<p>Le rassemblement des chefs des r\u00e9volutionnaires de Libye, principalement compos\u00e9s des chefs de milices islamistes proches des fr\u00e8res musulmans et de l\u2019axe turco-qatari, ont publi\u00e9, hier, \u00e0 parti de la ville de Misrata, un communiqu\u00e9, dans lequel ils d\u00e9clarent leur col\u00e8re \u00e0 la suite des accusations qui leur ont \u00e9t\u00e9 lanc\u00e9es par Ka\u00efs Sa\u00efed, pr\u00e9tendent-ils, [\u2026]<\/p>\n<p>L\u2019article <a href=\"https:\/\/www.tunisienumerique.com\/tunisie-les-milices-islamistes-de-libye-en-colere-contre-saied-et-menacent-le-sud-tunisien\/\">Tunisie \u2013 Les milices islamistes de Libye en col\u00e8re contre Sa\u00efed et menacent le sud tunisien<\/a> est apparu en premier sur <a href=\"https:\/\/www.tunisienumerique.com\/\">Tunisie<\/a>.<\/p>\n<\/div>\n<p>Auteur: LM<br \/>\n<a href=\"https:\/\/www.tunisienumerique.com\/tunisie-les-milices-islamistes-de-libye-en-colere-contre-saied-et-menacent-le-sud-tunisien\/\">Cliquez ici pour lire l&rsquo;article depuis sa source.<\/a><\/p>\n","protected":false},"excerpt":{"rendered":"<p>Le rassemblement des chefs des r\u00e9volutionnaires de Libye, principalement compos\u00e9s des chefs de milices islamistes proches des fr\u00e8res musulmans et de l\u2019axe turco-qatari, ont publi\u00e9, hier, \u00e0 parti de la ville de Misrata, un communiqu\u00e9, dans lequel ils d\u00e9clarent leur col\u00e8re \u00e0 la suite des accusations qui leur ont \u00e9t\u00e9 lanc\u00e9es par Ka\u00efs Sa\u00efed, pr\u00e9tendent-ils, [&hellip;]<\/p>\n","protected":false},"author":1789,"featured_media":0,"comment_status":"closed","ping_status":"closed","sticky":false,"template":"","format":"standard","meta":{"fifu_image_url":"","fifu_image_alt":"","footnotes":""},"categories":[73,55],"tags":[],"class_list":["post-125336","post","type-post","status-publish","format-standard","hentry","category-actualite","category-tunisie"],"_links":{"self":[{"href":"https:\/\/linitiative.ca\/International\/wp-json\/wp\/v2\/posts\/125336","targetHints":{"allow":["GET"]}}],"collection":[{"href":"https:\/\/linitiative.ca\/International\/wp-json\/wp\/v2\/posts"}],"about":[{"href":"https:\/\/linitiative.ca\/International\/wp-json\/wp\/v2\/types\/post"}],"author":[{"embeddable":true,"href":"https:\/\/linitiative.ca\/International\/wp-json\/wp\/v2\/users\/1789"}],"replies":[{"embeddable":true,"href":"https:\/\/linitiative.ca\/International\/wp-json\/wp\/v2\/comments?post=125336"}],"version-history":[{"count":0,"href":"https:\/\/linitiative.ca\/International\/wp-json\/wp\/v2\/posts\/125336\/revisions"}],"wp:attachment":[{"href":"https:\/\/linitiative.ca\/International\/wp-json\/wp\/v2\/media?parent=125336"}],"wp:term":[{"taxonomy":"category","embeddable":true,"href":"https:\/\/linitiative.ca\/International\/wp-json\/wp\/v2\/categories?post=125336"},{"taxonomy":"post_tag","embeddable":true,"href":"https:\/\/linitiative.ca\/International\/wp-json\/wp\/v2\/tags?post=125336"}],"curies":[{"name":"wp","href":"https:\/\/api.w.org\/{rel}","templated":true}]}}