{"id":125337,"date":"2021-08-27T17:23:54","date_gmt":"2021-08-27T21:23:54","guid":{"rendered":"https:\/\/linitiative.ca\/International\/tunisie-faycel-tebbini-transfere-vers-un-hopital-de-la-capitale\/"},"modified":"2021-08-27T17:23:54","modified_gmt":"2021-08-27T21:23:54","slug":"tunisie-faycel-tebbini-transfere-vers-un-hopital-de-la-capitale","status":"publish","type":"post","link":"https:\/\/linitiative.ca\/International\/tunisie-faycel-tebbini-transfere-vers-un-hopital-de-la-capitale\/","title":{"rendered":"Tunisie \u2013 Faycel Tebbini transf\u00e9r\u00e9 vers un h\u00f4pital de la Capitale"},"content":{"rendered":"<div>\n<p>Une source de l\u2019h\u00f4pital r\u00e9gional du Kef a annonc\u00e9 \u00e0 la presse que le d\u00e9put\u00e9 gel\u00e9, et emprisonn\u00e9, Facel tebbini, a \u00e9t\u00e9 transf\u00e9r\u00e9 du Sers, vers l\u2019h\u00f4pital r\u00e9gional du Kef, d\u2019o\u00f9 il a \u00e9t\u00e9 orient\u00e9 vers un h\u00f4pital de la Capitale, pour plus d\u2019explorations m\u00e9dicales. La m\u00eame source a assur\u00e9 que l\u2019\u00e9tat de sant\u00e9 du [\u2026]<\/p>\n<p>L\u2019article <a href=\"https:\/\/www.tunisienumerique.com\/tunisie-faycel-tebbini-transfere-vers-un-hopital-de-la-capitale\/\">Tunisie \u2013 Faycel Tebbini transf\u00e9r\u00e9 vers un h\u00f4pital de la Capitale<\/a> est apparu en premier sur <a href=\"https:\/\/www.tunisienumerique.com\/\">Tunisie<\/a>.<\/p>\n<\/div>\n<p>Auteur: LM<br \/>\n<a href=\"https:\/\/www.tunisienumerique.com\/tunisie-faycel-tebbini-transfere-vers-un-hopital-de-la-capitale\/\">Cliquez ici pour lire l&rsquo;article depuis sa source.<\/a><\/p>\n","protected":false},"excerpt":{"rendered":"<p>Une source de l\u2019h\u00f4pital r\u00e9gional du Kef a annonc\u00e9 \u00e0 la presse que le d\u00e9put\u00e9 gel\u00e9, et emprisonn\u00e9, Facel tebbini, a \u00e9t\u00e9 transf\u00e9r\u00e9 du Sers, vers l\u2019h\u00f4pital r\u00e9gional du Kef, d\u2019o\u00f9 il a \u00e9t\u00e9 orient\u00e9 vers un h\u00f4pital de la Capitale, pour plus d\u2019explorations m\u00e9dicales. La m\u00eame source a assur\u00e9 que l\u2019\u00e9tat de sant\u00e9 du [&hellip;]<\/p>\n","protected":false},"author":1789,"featured_media":0,"comment_status":"closed","ping_status":"closed","sticky":false,"template":"","format":"standard","meta":{"fifu_image_url":"","fifu_image_alt":"","footnotes":""},"categories":[73,55],"tags":[],"class_list":["post-125337","post","type-post","status-publish","format-standard","hentry","category-actualite","category-tunisie"],"_links":{"self":[{"href":"https:\/\/linitiative.ca\/International\/wp-json\/wp\/v2\/posts\/125337","targetHints":{"allow":["GET"]}}],"collection":[{"href":"https:\/\/linitiative.ca\/International\/wp-json\/wp\/v2\/posts"}],"about":[{"href":"https:\/\/linitiative.ca\/International\/wp-json\/wp\/v2\/types\/post"}],"author":[{"embeddable":true,"href":"https:\/\/linitiative.ca\/International\/wp-json\/wp\/v2\/users\/1789"}],"replies":[{"embeddable":true,"href":"https:\/\/linitiative.ca\/International\/wp-json\/wp\/v2\/comments?post=125337"}],"version-history":[{"count":0,"href":"https:\/\/linitiative.ca\/International\/wp-json\/wp\/v2\/posts\/125337\/revisions"}],"wp:attachment":[{"href":"https:\/\/linitiative.ca\/International\/wp-json\/wp\/v2\/media?parent=125337"}],"wp:term":[{"taxonomy":"category","embeddable":true,"href":"https:\/\/linitiative.ca\/International\/wp-json\/wp\/v2\/categories?post=125337"},{"taxonomy":"post_tag","embeddable":true,"href":"https:\/\/linitiative.ca\/International\/wp-json\/wp\/v2\/tags?post=125337"}],"curies":[{"name":"wp","href":"https:\/\/api.w.org\/{rel}","templated":true}]}}