{"id":125338,"date":"2021-08-26T17:45:57","date_gmt":"2021-08-26T21:45:57","guid":{"rendered":"https:\/\/linitiative.ca\/International\/lutte-contre-linsecurite-larabie-saoudite-disposee-a-accompagner-le-burkina\/"},"modified":"2021-08-26T17:45:57","modified_gmt":"2021-08-26T21:45:57","slug":"lutte-contre-linsecurite-larabie-saoudite-disposee-a-accompagner-le-burkina","status":"publish","type":"post","link":"https:\/\/linitiative.ca\/International\/lutte-contre-linsecurite-larabie-saoudite-disposee-a-accompagner-le-burkina\/","title":{"rendered":"Lutte contre l\u2019ins\u00e9curit\u00e9 : L\u2019Arabie saoudite dispos\u00e9e  \u00e0 accompagner le Burkina"},"content":{"rendered":"<div>\n<p><strong>Le ministre de la Communication et des Relations avec le parlement, Porte-parole du gouvernement, Ouss\u00e9ni Tamboura, a re\u00e7u en audience l\u2019ambassadeur du royaume d\u2019Arabie saoudite au Burkina Faso, Fahad Aldosari, le mercredi 25 ao\u00fbt 2021 \u00e0 Ouagadougou.<\/strong><\/p>\n<p>Le royaume d\u2019Arabie saoudite et le Burkina Faso entretiennent des relations de coop\u00e9ration dans plusieurs domaines d\u2019activit\u00e9s. En vue de renforcer ces relations, l\u2019ambassadeur du royaume d\u2019Arabie saoudite au Burkina Faso, Fahad Aldosari, a \u00e9chang\u00e9 avec le ministre de la Communication et des Relations avec le parlement, Porte-parole du gouvernement, Ouss\u00e9ni Tamboura, le mercredi 25 ao\u00fbt 2021 \u00e0 Ouagadougou, au cours d\u2019une audience qui lui a \u00e9t\u00e9 accord\u00e9e. A sa sortie de l\u2019entretien, le diplomate saoudien a pr\u00e9cis\u00e9 que cette visite s\u2019inscrit dans le cadre de la dynamisation de la coop\u00e9ration entre les deux pays. \u00ab Le Burkina Faso est un pays tr\u00e8s important pour l\u2019Arabie saoudite et le peuple burkinab\u00e8 est aussi l\u2019ami du peuple saoudien.<\/p>\n<p>Nous travaillons constamment pour renforcer notre coop\u00e9ration en vue de relever les d\u00e9fis qui se pr\u00e9sentent au pays \u00bb, a-t-il soutenu. Avec le ministre en charge de la communication, a pr\u00e9cis\u00e9 l\u2019ambassadeur saoudien, plusieurs sujets ont \u00e9t\u00e9 abord\u00e9s notamment les questions de d\u00e9veloppement et de lutte contre l\u2019ins\u00e9curit\u00e9. Face au d\u00e9fi s\u00e9curitaire auquel est confront\u00e9 le Burkina Faso, a-t-il poursuivi, le pays des Hommes int\u00e8gres pourra b\u00e9n\u00e9ficier de l\u2019exp\u00e9rience et de l\u2019accompagnement saoudiens. \u00ab Nous avons discut\u00e9 des possibilit\u00e9s d\u2019augmentation de notre accompagnement \u00e0 l\u2019Etat burkinab\u00e8 en mati\u00e8re de lutte contre le terrorisme qui endeuille les familles depuis plusieurs ann\u00e9es. Le Royaume saoudien reste disponible et solidaire avec le Burkina Faso pour la recherche d\u2019une paix durable\u00bb, a-t-il conclu.<\/p>\n<p style=\"text-align: right\"><strong>Jean-Marie TOE<\/strong><\/p>\n<p>L\u2019article <a rel=\"nofollow\" href=\"https:\/\/www.sidwaya.info\/blog\/2021\/08\/26\/lutte-contre-linsecurite-larabie-saoudite-disposee-a-accompagner-le-burkina\/\">Lutte contre l\u2019ins\u00e9curit\u00e9 : L\u2019Arabie saoudite dispos\u00e9e  \u00e0 accompagner le Burkina<\/a> est apparu en premier sur <a rel=\"nofollow\" href=\"https:\/\/www.sidwaya.info\/\">Quotidien Sidwaya<\/a>.<\/p>\n<\/div>\n<p>Auteur: JK. Sidwaya<br \/>\n<a href=\"https:\/\/www.sidwaya.info\/blog\/2021\/08\/26\/lutte-contre-linsecurite-larabie-saoudite-disposee-a-accompagner-le-burkina\/\">Cliquez ici pour lire l&rsquo;article depuis sa source.<\/a><\/p>\n","protected":false},"excerpt":{"rendered":"<p>Le ministre de la Communication et des Relations avec le parlement, Porte-parole du gouvernement, Ouss\u00e9ni Tamboura, a re\u00e7u en audience l\u2019ambassadeur du royaume d\u2019Arabie saoudite au Burkina Faso, Fahad Aldosari, le mercredi 25 ao\u00fbt 2021 \u00e0 Ouagadougou. Le royaume d\u2019Arabie saoudite et le Burkina Faso entretiennent des relations de coop\u00e9ration dans plusieurs domaines d\u2019activit\u00e9s. En [&hellip;]<\/p>\n","protected":false},"author":1816,"featured_media":0,"comment_status":"closed","ping_status":"closed","sticky":false,"template":"","format":"standard","meta":{"fifu_image_url":"","fifu_image_alt":"","footnotes":""},"categories":[73,81],"tags":[],"class_list":["post-125338","post","type-post","status-publish","format-standard","hentry","category-actualite","category-burkina-faso"],"_links":{"self":[{"href":"https:\/\/linitiative.ca\/International\/wp-json\/wp\/v2\/posts\/125338","targetHints":{"allow":["GET"]}}],"collection":[{"href":"https:\/\/linitiative.ca\/International\/wp-json\/wp\/v2\/posts"}],"about":[{"href":"https:\/\/linitiative.ca\/International\/wp-json\/wp\/v2\/types\/post"}],"author":[{"embeddable":true,"href":"https:\/\/linitiative.ca\/International\/wp-json\/wp\/v2\/users\/1816"}],"replies":[{"embeddable":true,"href":"https:\/\/linitiative.ca\/International\/wp-json\/wp\/v2\/comments?post=125338"}],"version-history":[{"count":0,"href":"https:\/\/linitiative.ca\/International\/wp-json\/wp\/v2\/posts\/125338\/revisions"}],"wp:attachment":[{"href":"https:\/\/linitiative.ca\/International\/wp-json\/wp\/v2\/media?parent=125338"}],"wp:term":[{"taxonomy":"category","embeddable":true,"href":"https:\/\/linitiative.ca\/International\/wp-json\/wp\/v2\/categories?post=125338"},{"taxonomy":"post_tag","embeddable":true,"href":"https:\/\/linitiative.ca\/International\/wp-json\/wp\/v2\/tags?post=125338"}],"curies":[{"name":"wp","href":"https:\/\/api.w.org\/{rel}","templated":true}]}}