{"id":125346,"date":"2021-08-27T11:43:56","date_gmt":"2021-08-27T15:43:56","guid":{"rendered":"https:\/\/linitiative.ca\/International\/cameroun-antonio-conceicao-prolonge-son-contrat-a-la-tete-des-lions-indomptables\/"},"modified":"2021-08-27T11:43:56","modified_gmt":"2021-08-27T15:43:56","slug":"cameroun-antonio-conceicao-prolonge-son-contrat-a-la-tete-des-lions-indomptables","status":"publish","type":"post","link":"https:\/\/linitiative.ca\/International\/cameroun-antonio-conceicao-prolonge-son-contrat-a-la-tete-des-lions-indomptables\/","title":{"rendered":"Cameroun : Antonio Concei\u00e7ao prolonge son contrat \u00e0 la t\u00eate des Lions indomptables"},"content":{"rendered":"<div>\n<p><img loading=\"lazy\" decoding=\"async\" width=\"1080\" height=\"607\" src=\"https:\/\/linitiative.ca\/International\/wp-content\/uploads\/sites\/23\/2021\/08\/IMG-20210827-WA0068.jpg\" class=\"attachment-post-thumbnail size-post-thumbnail wp-post-image\" alt=\"\" srcset=\"https:\/\/linitiative.ca\/International\/wp-content\/uploads\/sites\/23\/2021\/08\/IMG-20210827-WA0068.jpg 1080w, https:\/\/www.journalducameroun.com\/wp-content\/uploads\/2021\/08\/IMG-20210827-WA0068-300x169.jpg 300w, https:\/\/www.journalducameroun.com\/wp-content\/uploads\/2021\/08\/IMG-20210827-WA0068-768x432.jpg 768w, https:\/\/www.journalducameroun.com\/wp-content\/uploads\/2021\/08\/IMG-20210827-WA0068-1024x576.jpg 1024w, https:\/\/www.journalducameroun.com\/wp-content\/uploads\/2021\/08\/IMG-20210827-WA0068-380x215.jpg 380w, https:\/\/www.journalducameroun.com\/wp-content\/uploads\/2021\/08\/IMG-20210827-WA0068-160x90.jpg 160w, https:\/\/www.journalducameroun.com\/wp-content\/uploads\/2021\/08\/IMG-20210827-WA0068-240x135.jpg 240w, https:\/\/www.journalducameroun.com\/wp-content\/uploads\/2021\/08\/IMG-20210827-WA0068-783x440.jpg 783w, https:\/\/www.journalducameroun.com\/wp-content\/uploads\/2021\/08\/IMG-20210827-WA0068-600x337.jpg 600w\" sizes=\"auto, (max-width: 1080px) 100vw, 1080px\"><\/p>\n<p><strong>De m\u00eame que ses adjoints Fran\u00e7ois Omam Biyik et Jacques Songo\u2019o, le minist\u00e8re des Sports et la F\u00e9cafoot ont allong\u00e9 leur bail \u00e0 la t\u00eate de l\u2019\u00e9quipe nationale.<\/strong><\/p>\n<p>\u00a0<\/p>\n<p>\u00c7a y est, <strong>Antononio (Toni) Concei\u00e7ao<\/strong> a son visa pour prendre part sereinement aux \u00e9liminatoires de la Coupe du monde et \u00e0 la \u00a0prochaine Coupe d\u2019Afrique des nations. Ce 27 ao\u00fbt 2021,<strong> Narcisse Mouelle Kombi,<\/strong> \u00a0le \u00a0ministre des Sports et de l\u2019\u00e9ducation physique et <strong>Seidou Mbombo Njoya,<\/strong> le pr\u00e9sident par int\u00e9rim de la F\u00e9d\u00e9ration camerounaise de football, ont prolong\u00e9 le contrat du staff technique des <strong>Lions indomptables<\/strong>.<\/p>\n<figure id=\"attachment_393403\" aria-describedby=\"caption-attachment-393403\" style=\"width: 1024px\" class=\"wp-caption alignnone\"><img loading=\"lazy\" decoding=\"async\" class=\"wp-image-393403 size-large\" src=\"https:\/\/linitiative.ca\/International\/wp-content\/uploads\/sites\/23\/2021\/08\/IMG-20210827-WA0067-1024x576-1.jpg\" alt=\"\" width=\"1024\" height=\"576\"><figcaption id=\"caption-attachment-393403\" class=\"wp-caption-text\">Echange de parapheur entre le pr\u00e9sident de la F\u00e9cafoot et le s\u00e9lectionneur adjoint Omam Biyik<\/figcaption><\/figure>\n<p><strong><em>\u00ab <\/em><\/strong><em>J\u2019ai proc\u00e9d\u00e9 ce jour \u00e0 Yaound\u00e9, sous le contr\u00f4le du ministre des Sports, \u00e0 la prorogation du contrat de l\u2019entra\u00eeneur s\u00e9lectionneur des Lions Indomptables Antonio Concei\u00e7\u00e3o et de ceux de ses adjoints, camerounais Fran\u00e7ois Omam Biyik et Jacques C\u00e9lestin Songo\u2019o <\/em><strong><em>\u00bb,<\/em><\/strong> annonce Seidou Mbombo Njoya sur les r\u00e9seaux sociaux.<\/p>\n<p>Cependant aucune information ne filtre sur la dur\u00e9e du nouveau contrat du technicien portugais arriv\u00e9 au Cameroun en octobre 2019.<\/p>\n<p>.Sous Concei\u00e7ao, le Cameroun n\u2019a perdu qu\u2019une seule fois lors des dix derniers matches et sort d\u2019une double confrontation prometteuse face au Nig\u00e9ria, en juin dernier (0-0, 1-0). Sans doutes des statistiques qui motivent son maintien \u00e0 la t\u00eate de la s\u00e9lection camerounaise.<\/p>\n<p>\u00a0<\/p>\n<p>Cet article <a rel=\"nofollow\" href=\"https:\/\/www.journalducameroun.com\/cameroun-antonio-conceicao-prolonge-son-contrat-a-la-tete-des-lions-indomptables-cameroun\/\">Cameroun : Antonio Concei\u00e7ao prolonge son contrat \u00e0 la t\u00eate des Lions indomptables<\/a> est apparu en premier sur <a rel=\"nofollow\" href=\"https:\/\/www.journalducameroun.com\/\">Journal du Cameroun<\/a>.<\/p>\n<\/div>\n<p>Auteur: Christian DJIMADEU<br \/>\n<a href=\"https:\/\/www.journalducameroun.com\/cameroun-antonio-conceicao-prolonge-son-contrat-a-la-tete-des-lions-indomptables-cameroun\/\">Cliquez ici pour lire l&rsquo;article depuis sa source.<\/a><\/p>\n","protected":false},"excerpt":{"rendered":"<p>De m\u00eame que ses adjoints Fran\u00e7ois Omam Biyik et Jacques Songo\u2019o, le minist\u00e8re des Sports et la F\u00e9cafoot ont allong\u00e9 leur bail \u00e0 la t\u00eate de l\u2019\u00e9quipe nationale. \u00a0 \u00c7a y est, Antononio (Toni) Concei\u00e7ao a son visa pour prendre part sereinement aux \u00e9liminatoires de la Coupe du monde et \u00e0 la \u00a0prochaine Coupe d\u2019Afrique [&hellip;]<\/p>\n","protected":false},"author":1965,"featured_media":0,"comment_status":"closed","ping_status":"closed","sticky":false,"template":"","format":"standard","meta":{"fifu_image_url":"https:\/\/www.journalducameroun.com\/wp-content\/uploads\/2021\/08\/IMG-20210827-WA0068.jpg","fifu_image_alt":"Cameroun : Antonio Concei\u00e7ao prolonge son contrat \u00e0 la t\u00eate des Lions indomptables","footnotes":""},"categories":[73,82],"tags":[],"class_list":["post-125346","post","type-post","status-publish","format-standard","hentry","category-actualite","category-cameroun"],"_links":{"self":[{"href":"https:\/\/linitiative.ca\/International\/wp-json\/wp\/v2\/posts\/125346","targetHints":{"allow":["GET"]}}],"collection":[{"href":"https:\/\/linitiative.ca\/International\/wp-json\/wp\/v2\/posts"}],"about":[{"href":"https:\/\/linitiative.ca\/International\/wp-json\/wp\/v2\/types\/post"}],"author":[{"embeddable":true,"href":"https:\/\/linitiative.ca\/International\/wp-json\/wp\/v2\/users\/1965"}],"replies":[{"embeddable":true,"href":"https:\/\/linitiative.ca\/International\/wp-json\/wp\/v2\/comments?post=125346"}],"version-history":[{"count":0,"href":"https:\/\/linitiative.ca\/International\/wp-json\/wp\/v2\/posts\/125346\/revisions"}],"wp:attachment":[{"href":"https:\/\/linitiative.ca\/International\/wp-json\/wp\/v2\/media?parent=125346"}],"wp:term":[{"taxonomy":"category","embeddable":true,"href":"https:\/\/linitiative.ca\/International\/wp-json\/wp\/v2\/categories?post=125346"},{"taxonomy":"post_tag","embeddable":true,"href":"https:\/\/linitiative.ca\/International\/wp-json\/wp\/v2\/tags?post=125346"}],"curies":[{"name":"wp","href":"https:\/\/api.w.org\/{rel}","templated":true}]}}