{"id":125349,"date":"2021-08-27T12:18:02","date_gmt":"2021-08-27T16:18:02","guid":{"rendered":"https:\/\/linitiative.ca\/International\/mali-fin-de-lassignation-a-residence-de-bah-ndaw-et-moctar-ouane\/"},"modified":"2021-08-27T12:18:02","modified_gmt":"2021-08-27T16:18:02","slug":"mali-fin-de-lassignation-a-residence-de-bah-ndaw-et-moctar-ouane","status":"publish","type":"post","link":"https:\/\/linitiative.ca\/International\/mali-fin-de-lassignation-a-residence-de-bah-ndaw-et-moctar-ouane\/","title":{"rendered":"Mali : fin de l\u2019assignation \u00e0 r\u00e9sidence de Bah N\u2019Daw et Moctar Ouane"},"content":{"rendered":"<div>\n<p><img loading=\"lazy\" decoding=\"async\" width=\"512\" height=\"288\" src=\"https:\/\/linitiative.ca\/International\/wp-content\/uploads\/sites\/23\/2021\/08\/16300810827298.jpg\" class=\"attachment-post-thumbnail size-post-thumbnail wp-post-image\" alt=\"\" srcset=\"https:\/\/linitiative.ca\/International\/wp-content\/uploads\/sites\/23\/2021\/08\/16300810827298.jpg 512w, https:\/\/www.journalducameroun.com\/wp-content\/uploads\/2021\/08\/16300810827298-300x169.jpg 300w, https:\/\/www.journalducameroun.com\/wp-content\/uploads\/2021\/08\/16300810827298-780x440.jpg 780w, https:\/\/www.journalducameroun.com\/wp-content\/uploads\/2021\/08\/16300810827298-380x215.jpg 380w, https:\/\/www.journalducameroun.com\/wp-content\/uploads\/2021\/08\/16300810827298-160x90.jpg 160w, https:\/\/www.journalducameroun.com\/wp-content\/uploads\/2021\/08\/16300810827298-240x135.jpg 240w\" sizes=\"auto, (max-width: 512px) 100vw, 512px\"><\/p>\n<p>L&rsquo;ex-pr\u00e9sident de la Transition, Bah N&rsquo;Daw, et son Premier ministre, Moctar Ouane, sont libres de tout mouvement.Les deux hommes ont \u00e9t\u00e9 assign\u00e9s \u00e0 r\u00e9sidence au lendemain du deuxi\u00e8me putsch du colonel Assimi Go\u00efta le 24 mai 2021.<\/p>\n<p>Dans une d\u00e9claration dont APA a obtenu une copie, le Comit\u00e9 de suivi de la Transition au Mali s&rsquo;est f\u00e9licit\u00e9 de cette d\u00e9cision des nouvelles autorit\u00e9s de Bamako.<\/p>\n<p>Compos\u00e9 de la Communaut\u00e9 \u00e9conomique des Etats de l&rsquo;Afrique de l&rsquo;Ouest (Cedeao), du Haut Repr\u00e9sentant de l&rsquo;Union africaine pour le Mali et le Sahel (MISAHEL) et de la Mission multidimensionnelle int\u00e9gr\u00e9e des Nations unies pour la stabilisation au Mali (Minusma), ledit comit\u00e9 a salu\u00e9 \u00ab la d\u00e9cision du gouvernement de lever toutes les mesures restrictives concernant l&rsquo;ancien pr\u00e9sident de Transition, Bah N&rsquo;Daw, et l&rsquo;ancien Premier ministre, Moctar Ouane\u00a0\u00bb.<\/p>\n<p>Il a exprim\u00e9 \u00e9galement sa satisfaction pour les \u00ab mesures prises par le gouvernement pour assurer \u00e0 ces personnalit\u00e9s le b\u00e9n\u00e9fice des droits attach\u00e9s \u00e0 leur statut d&rsquo;ancien chef de l&rsquo;Etat et d&rsquo;ancien Premier ministre \u00bb.<\/p>\n<p>\u00ab Cette \u00e9volution positive (\u2026) s&rsquo;inscrit dans le cadre des engagements pris par les autorit\u00e9s (\u2026) \u00bb, poursuit le Comit\u00e9 de suivi de la Transition au Mali, exhortant \u00ab les acteurs concern\u00e9s \u00e0 faire preuve d&rsquo;esprit de responsabilit\u00e9, d&rsquo;attachement \u00e0 l&rsquo;int\u00e9r\u00eat national, au respect de la loi et \u00e0 s&rsquo;abstenir de toute action pouvant impacter le bon d\u00e9roulement de la Transition \u00bb.<\/p>\n<p>Cet article <a rel=\"nofollow\" href=\"https:\/\/www.journalducameroun.com\/mali-fin-de-lassignation-a-residence-de-bah-ndaw-et-moctar-ouane\/\">Mali : fin de l\u2019assignation \u00e0 r\u00e9sidence de Bah N\u2019Daw et Moctar Ouane<\/a> est apparu en premier sur <a rel=\"nofollow\" href=\"https:\/\/www.journalducameroun.com\/\">Journal du Cameroun<\/a>.<\/p>\n<\/div>\n<p>Auteur: APA News<br \/>\n<a href=\"https:\/\/www.journalducameroun.com\/mali-fin-de-lassignation-a-residence-de-bah-ndaw-et-moctar-ouane\/\">Cliquez ici pour lire l&rsquo;article depuis sa source.<\/a><\/p>\n","protected":false},"excerpt":{"rendered":"<p>L&rsquo;ex-pr\u00e9sident de la Transition, Bah N&rsquo;Daw, et son Premier ministre, Moctar Ouane, sont libres de tout mouvement.Les deux hommes ont \u00e9t\u00e9 assign\u00e9s \u00e0 r\u00e9sidence au lendemain du deuxi\u00e8me putsch du colonel Assimi Go\u00efta le 24 mai 2021. Dans une d\u00e9claration dont APA a obtenu une copie, le Comit\u00e9 de suivi de la Transition au Mali [&hellip;]<\/p>\n","protected":false},"author":1965,"featured_media":0,"comment_status":"closed","ping_status":"closed","sticky":false,"template":"","format":"standard","meta":{"fifu_image_url":"https:\/\/www.journalducameroun.com\/wp-content\/uploads\/2021\/08\/16300810827298.jpg","fifu_image_alt":"Mali : fin de l\u2019assignation \u00e0 r\u00e9sidence de Bah N\u2019Daw et Moctar Ouane","footnotes":""},"categories":[73,82],"tags":[],"class_list":["post-125349","post","type-post","status-publish","format-standard","hentry","category-actualite","category-cameroun"],"_links":{"self":[{"href":"https:\/\/linitiative.ca\/International\/wp-json\/wp\/v2\/posts\/125349","targetHints":{"allow":["GET"]}}],"collection":[{"href":"https:\/\/linitiative.ca\/International\/wp-json\/wp\/v2\/posts"}],"about":[{"href":"https:\/\/linitiative.ca\/International\/wp-json\/wp\/v2\/types\/post"}],"author":[{"embeddable":true,"href":"https:\/\/linitiative.ca\/International\/wp-json\/wp\/v2\/users\/1965"}],"replies":[{"embeddable":true,"href":"https:\/\/linitiative.ca\/International\/wp-json\/wp\/v2\/comments?post=125349"}],"version-history":[{"count":0,"href":"https:\/\/linitiative.ca\/International\/wp-json\/wp\/v2\/posts\/125349\/revisions"}],"wp:attachment":[{"href":"https:\/\/linitiative.ca\/International\/wp-json\/wp\/v2\/media?parent=125349"}],"wp:term":[{"taxonomy":"category","embeddable":true,"href":"https:\/\/linitiative.ca\/International\/wp-json\/wp\/v2\/categories?post=125349"},{"taxonomy":"post_tag","embeddable":true,"href":"https:\/\/linitiative.ca\/International\/wp-json\/wp\/v2\/tags?post=125349"}],"curies":[{"name":"wp","href":"https:\/\/api.w.org\/{rel}","templated":true}]}}