{"id":125351,"date":"2021-08-27T13:18:02","date_gmt":"2021-08-27T17:18:02","guid":{"rendered":"https:\/\/linitiative.ca\/International\/football-senegal-togo-a-huis-clos\/"},"modified":"2021-08-27T13:18:02","modified_gmt":"2021-08-27T17:18:02","slug":"football-senegal-togo-a-huis-clos","status":"publish","type":"post","link":"https:\/\/linitiative.ca\/International\/football-senegal-togo-a-huis-clos\/","title":{"rendered":"Football : S\u00e9n\u00e9gal-Togo \u00e0 huis clos"},"content":{"rendered":"<div>\n<p><img loading=\"lazy\" decoding=\"async\" width=\"800\" height=\"521\" src=\"https:\/\/linitiative.ca\/International\/wp-content\/uploads\/sites\/23\/2021\/08\/16300846823346.jpg\" class=\"attachment-post-thumbnail size-post-thumbnail wp-post-image\" alt=\"\" srcset=\"https:\/\/linitiative.ca\/International\/wp-content\/uploads\/sites\/23\/2021\/08\/16300846823346.jpg 800w, https:\/\/www.journalducameroun.com\/wp-content\/uploads\/2021\/08\/16300846823346-300x195.jpg 300w, https:\/\/www.journalducameroun.com\/wp-content\/uploads\/2021\/08\/16300846823346-768x500.jpg 768w, https:\/\/www.journalducameroun.com\/wp-content\/uploads\/2021\/08\/16300846823346-676x440.jpg 676w, https:\/\/www.journalducameroun.com\/wp-content\/uploads\/2021\/08\/16300846823346-600x391.jpg 600w\" sizes=\"auto, (max-width: 800px) 100vw, 800px\"><\/p>\n<p>La Conf\u00e9d\u00e9ration africaine de football (Caf) a refus\u00e9 la pr\u00e9sence de spectateurs lors de ce match comptant pour la 1\u00e8re journ\u00e9e des \u00e9liminatoires de la Coupe du monde 2022.L&rsquo;instance fa\u00eeti\u00e8re du foot continental a invoqu\u00e9 la Covid-19 dans un communiqu\u00e9 de la F\u00e9d\u00e9ration S\u00e9n\u00e9galaise de Football (FSF) re\u00e7u vendredi \u00e0 APA. Le stade Lat Dior de Thi\u00e8s, 70 kilom\u00e8tres \u00e0 l&rsquo;Est de Dakar, o\u00f9 s&rsquo;affronteront les Lions et les \u00c9perviers, sonnera tr\u00e8s creux.\u00a0<\/p>\n<p>La rencontre est pr\u00e9vue le mercredi 1er septembre prochain \u00e0 16 heures Temps Universel. Aliou Ciss\u00e9, le s\u00e9lectionneur du S\u00e9n\u00e9gal, a publi\u00e9 ce matin une liste de 25 joueurs. Apr\u00e8s la r\u00e9ception du Togo, les Lions\u00a0feront\u00a0face au\u00a0Congo. Ce sera le mardi 7 septembre \u00e0 Brazzaville. \u00a0<\/p>\n<p>Cet article <a rel=\"nofollow\" href=\"https:\/\/www.journalducameroun.com\/football-senegal-togo-a-huis-clos\/\">Football : S\u00e9n\u00e9gal-Togo \u00e0 huis clos<\/a> est apparu en premier sur <a rel=\"nofollow\" href=\"https:\/\/www.journalducameroun.com\/\">Journal du Cameroun<\/a>.<\/p>\n<\/div>\n<p>Auteur: APA News<br \/>\n<a href=\"https:\/\/www.journalducameroun.com\/football-senegal-togo-a-huis-clos\/\">Cliquez ici pour lire l&rsquo;article depuis sa source.<\/a><\/p>\n","protected":false},"excerpt":{"rendered":"<p>La Conf\u00e9d\u00e9ration africaine de football (Caf) a refus\u00e9 la pr\u00e9sence de spectateurs lors de ce match comptant pour la 1\u00e8re journ\u00e9e des \u00e9liminatoires de la Coupe du monde 2022.L&rsquo;instance fa\u00eeti\u00e8re du foot continental a invoqu\u00e9 la Covid-19 dans un communiqu\u00e9 de la F\u00e9d\u00e9ration S\u00e9n\u00e9galaise de Football (FSF) re\u00e7u vendredi \u00e0 APA. Le stade Lat Dior [&hellip;]<\/p>\n","protected":false},"author":1965,"featured_media":0,"comment_status":"closed","ping_status":"closed","sticky":false,"template":"","format":"standard","meta":{"fifu_image_url":"https:\/\/www.journalducameroun.com\/wp-content\/uploads\/2021\/08\/16300846823346.jpg","fifu_image_alt":"Football : S\u00e9n\u00e9gal-Togo \u00e0 huis clos","footnotes":""},"categories":[73,82],"tags":[],"class_list":["post-125351","post","type-post","status-publish","format-standard","hentry","category-actualite","category-cameroun"],"_links":{"self":[{"href":"https:\/\/linitiative.ca\/International\/wp-json\/wp\/v2\/posts\/125351","targetHints":{"allow":["GET"]}}],"collection":[{"href":"https:\/\/linitiative.ca\/International\/wp-json\/wp\/v2\/posts"}],"about":[{"href":"https:\/\/linitiative.ca\/International\/wp-json\/wp\/v2\/types\/post"}],"author":[{"embeddable":true,"href":"https:\/\/linitiative.ca\/International\/wp-json\/wp\/v2\/users\/1965"}],"replies":[{"embeddable":true,"href":"https:\/\/linitiative.ca\/International\/wp-json\/wp\/v2\/comments?post=125351"}],"version-history":[{"count":0,"href":"https:\/\/linitiative.ca\/International\/wp-json\/wp\/v2\/posts\/125351\/revisions"}],"wp:attachment":[{"href":"https:\/\/linitiative.ca\/International\/wp-json\/wp\/v2\/media?parent=125351"}],"wp:term":[{"taxonomy":"category","embeddable":true,"href":"https:\/\/linitiative.ca\/International\/wp-json\/wp\/v2\/categories?post=125351"},{"taxonomy":"post_tag","embeddable":true,"href":"https:\/\/linitiative.ca\/International\/wp-json\/wp\/v2\/tags?post=125351"}],"curies":[{"name":"wp","href":"https:\/\/api.w.org\/{rel}","templated":true}]}}