{"id":125355,"date":"2021-08-27T16:18:02","date_gmt":"2021-08-27T20:18:02","guid":{"rendered":"https:\/\/linitiative.ca\/International\/afrique-la-production-de-vaccins-antipaludiques-en-gestation\/"},"modified":"2021-08-27T16:18:02","modified_gmt":"2021-08-27T20:18:02","slug":"afrique-la-production-de-vaccins-antipaludiques-en-gestation","status":"publish","type":"post","link":"https:\/\/linitiative.ca\/International\/afrique-la-production-de-vaccins-antipaludiques-en-gestation\/","title":{"rendered":"Afrique : la production de vaccins antipaludiques en gestation"},"content":{"rendered":"<div>\n<p><img loading=\"lazy\" decoding=\"async\" width=\"4000\" height=\"2662\" src=\"https:\/\/linitiative.ca\/International\/wp-content\/uploads\/sites\/23\/2021\/08\/16300954824790.jpg\" class=\"attachment-post-thumbnail size-post-thumbnail wp-post-image\" alt=\"\" srcset=\"https:\/\/linitiative.ca\/International\/wp-content\/uploads\/sites\/23\/2021\/08\/16300954824790.jpg 4000w, https:\/\/www.journalducameroun.com\/wp-content\/uploads\/2021\/08\/16300954824790-300x200.jpg 300w, https:\/\/www.journalducameroun.com\/wp-content\/uploads\/2021\/08\/16300954824790-768x511.jpg 768w, https:\/\/www.journalducameroun.com\/wp-content\/uploads\/2021\/08\/16300954824790-1024x681.jpg 1024w, https:\/\/www.journalducameroun.com\/wp-content\/uploads\/2021\/08\/16300954824790-661x440.jpg 661w, https:\/\/www.journalducameroun.com\/wp-content\/uploads\/2021\/08\/16300954824790-600x399.jpg 600w\" sizes=\"auto, (max-width: 4000px) 100vw, 4000px\"><\/p>\n<p>Le laboratoire allemand BioNTech songe \u00e0 implanter des sites de production au Rwanda et au S\u00e9n\u00e9gal.Appliquer la technologie de l&rsquo;ARN messager au paludisme, c&rsquo;est le pari de BioNTech. Ce m\u00eame proc\u00e9d\u00e9 a permis \u00e0 la soci\u00e9t\u00e9 allemande, associ\u00e9e \u00e0 Pfizer, de mettre sur le march\u00e9 mondial un vaccin efficace contre le nouveau coronavirus.<\/p>\n<p>L&rsquo;ambition de BioNTech est de \u00ab produire sur le continent africain tous les vaccins issus de la mise au point de ses candidats vaccins antipaludiques \u00bb, informe un communiqu\u00e9 re\u00e7u vendredi \u00e0 APA.<\/p>\n<p>En marge de la Conf\u00e9rence \u00ab Compact avec l&rsquo;Afrique \u00bb qui se tient \u00e0 Berlin, en Allemagne, ce projet a r\u00e9uni le pr\u00e9sident rwandais Paul Kagam\u00e9, son homologue s\u00e9n\u00e9galais Macky Sall, Ursula von der Leyen, la pr\u00e9sidente de la Commission de l&rsquo;Union europ\u00e9enne (UE), Werner Hoyer, le pr\u00e9sident de la Banque Europ\u00e9enne d&rsquo;Investissement (BEI) et U\u011fur \u015eahin, le PDG et cofondateur de BioNTech.<\/p>\n<p>John Nkengasong, le Directeur des Centres africains de contr\u00f4le et de pr\u00e9vention des maladies (CDC Afrique) et Matshidiso Moeti, la Directrice r\u00e9gionale de l&rsquo;Organisation Mondiale de la Sant\u00e9 (OMS) pour l&rsquo;Afrique, ont \u00e9galement pris part aux discussions.<\/p>\n<p>Le rapport 2020 de l&rsquo;OMS sur le paludisme dans le monde renseigne que l&rsquo;Afrique repr\u00e9sente 94 % (215 millions) des cas estim\u00e9s dans le monde en 2019. Cette ann\u00e9e-l\u00e0, la maladie a tu\u00e9 sur le continent noir 384.000 personnes.<\/p>\n<p>Un vaccin contre le paludisme, il n&rsquo;en existe pas encore. Le projet de BioNTech est donc une \u00ab belle initiative\u00a0\u00bb pour le chef de l&rsquo;Etat s\u00e9n\u00e9galais. M\u00eame son de cloche chez son pair rwandais selon qui \u00ab l&rsquo;Afrique a besoin en urgence d&rsquo;unit\u00e9s de production de vaccins\u00a0\u00bb.<\/p>\n<p>Le laboratoire allemand veut aussi produire des vaccins antituberculeux en Afrique. En attendant l&rsquo;aboutissement de ce projet, \u00ab le vaccin de BioNTech contre le Covid-19 peut en principe \u00eatre fabriqu\u00e9 dans les centres de production locaux, en vue de sa distribution en Afrique\u00a0\u00bb, indique la source.<\/p>\n<p>Cet article <a rel=\"nofollow\" href=\"https:\/\/www.journalducameroun.com\/afrique-la-production-de-vaccins-antipaludiques-en-gestation\/\">Afrique : la production de vaccins antipaludiques en gestation<\/a> est apparu en premier sur <a rel=\"nofollow\" href=\"https:\/\/www.journalducameroun.com\/\">Journal du Cameroun<\/a>.<\/p>\n<\/div>\n<p>Auteur: APA News<br \/>\n<a href=\"https:\/\/www.journalducameroun.com\/afrique-la-production-de-vaccins-antipaludiques-en-gestation\/\">Cliquez ici pour lire l&rsquo;article depuis sa source.<\/a><\/p>\n","protected":false},"excerpt":{"rendered":"<p>Le laboratoire allemand BioNTech songe \u00e0 implanter des sites de production au Rwanda et au S\u00e9n\u00e9gal.Appliquer la technologie de l&rsquo;ARN messager au paludisme, c&rsquo;est le pari de BioNTech. Ce m\u00eame proc\u00e9d\u00e9 a permis \u00e0 la soci\u00e9t\u00e9 allemande, associ\u00e9e \u00e0 Pfizer, de mettre sur le march\u00e9 mondial un vaccin efficace contre le nouveau coronavirus. L&rsquo;ambition de [&hellip;]<\/p>\n","protected":false},"author":1965,"featured_media":0,"comment_status":"closed","ping_status":"closed","sticky":false,"template":"","format":"standard","meta":{"fifu_image_url":"https:\/\/www.journalducameroun.com\/wp-content\/uploads\/2021\/08\/16300954824790.jpg","fifu_image_alt":"Afrique : la production de vaccins antipaludiques en gestation","footnotes":""},"categories":[73,82],"tags":[],"class_list":["post-125355","post","type-post","status-publish","format-standard","hentry","category-actualite","category-cameroun"],"_links":{"self":[{"href":"https:\/\/linitiative.ca\/International\/wp-json\/wp\/v2\/posts\/125355","targetHints":{"allow":["GET"]}}],"collection":[{"href":"https:\/\/linitiative.ca\/International\/wp-json\/wp\/v2\/posts"}],"about":[{"href":"https:\/\/linitiative.ca\/International\/wp-json\/wp\/v2\/types\/post"}],"author":[{"embeddable":true,"href":"https:\/\/linitiative.ca\/International\/wp-json\/wp\/v2\/users\/1965"}],"replies":[{"embeddable":true,"href":"https:\/\/linitiative.ca\/International\/wp-json\/wp\/v2\/comments?post=125355"}],"version-history":[{"count":0,"href":"https:\/\/linitiative.ca\/International\/wp-json\/wp\/v2\/posts\/125355\/revisions"}],"wp:attachment":[{"href":"https:\/\/linitiative.ca\/International\/wp-json\/wp\/v2\/media?parent=125355"}],"wp:term":[{"taxonomy":"category","embeddable":true,"href":"https:\/\/linitiative.ca\/International\/wp-json\/wp\/v2\/categories?post=125355"},{"taxonomy":"post_tag","embeddable":true,"href":"https:\/\/linitiative.ca\/International\/wp-json\/wp\/v2\/tags?post=125355"}],"curies":[{"name":"wp","href":"https:\/\/api.w.org\/{rel}","templated":true}]}}