{"id":125357,"date":"2021-08-27T08:42:58","date_gmt":"2021-08-27T12:42:58","guid":{"rendered":"https:\/\/linitiative.ca\/International\/elevage-le-pdcvep-veut-construire-un-abattoir-a-douala\/"},"modified":"2021-08-27T08:42:58","modified_gmt":"2021-08-27T12:42:58","slug":"elevage-le-pdcvep-veut-construire-un-abattoir-a-douala","status":"publish","type":"post","link":"https:\/\/linitiative.ca\/International\/elevage-le-pdcvep-veut-construire-un-abattoir-a-douala\/","title":{"rendered":"Elevage : le Pdcvep veut construire un abattoir \u00e0 Douala"},"content":{"rendered":"<div>\n<p>Quelques mois apr\u00e8s son lancement,\u00a0le <strong><a href=\"https:\/\/ecomatin.net\/la-bad-octroie-55-milliardss-de-f-aux-filieress-piscicole-bovine-et-porcine\/\">Projet de d\u00e9veloppement des chaines de valeur de l\u2019\u00e9levage et de la pisciculture<\/a><\/strong>\u00a0(Pdcvep), est \u00e0 pied d\u2019\u0153uvre. Le projet coordonn\u00e9 par le Dr Aboubakar Njoya, vient de lancer un avis \u00e0 manifestation d\u2019int\u00e9r\u00eat \u00ab portant sur la ma\u00eetrise d\u2019\u0153uvre compl\u00e8te des travaux d\u2019entrep\u00f4t, d\u2019am\u00e9nagement de la voie d\u2019acc\u00e8s, de l\u2019extension des r\u00e9seaux et de la construction de l\u2019abattoir moderne de douala \u00bb, peut-on lire sur le communiqu\u00e9 rendu public \u00e0 cet effet.<\/p>\n<p><strong>Lire aussi<\/strong> : <strong><a href=\"https:\/\/ecomatin.net\/la-bad-octroie-55-milliardss-de-f-aux-filieress-piscicole-bovine-et-porcine\/\">La BAD octroie 55 milliards de F aux fili\u00e8res piscicole, bovine et porcine<\/a><\/strong><\/p>\n<p>Les personnes ainsi int\u00e9ress\u00e9es par cet avis \u00e0 manifestation d\u2019int\u00e9r\u00eat doivent d\u00e9poser, leurs dossiers au plus tard le 14 septembre 2021, aupr\u00e8s du programme. Ces derni\u00e8res devront remplir un cahier de charges assez fournis. De fa\u00e7on g\u00e9n\u00e9rale \u00ab la firme de consultant devra pr\u00e9senter une exp\u00e9rience g\u00e9n\u00e9rale acquise dans la conduite des \u00e9tudes, des contr\u00f4les, et des ma\u00eetrises d\u2019\u0153uvre compl\u00e9t\u00e9 des travaux\/projets relevant du secteur du BTP et\/ou des grands travaux (construction des \u00e9difices (immeuble de grande hauteur IGH, immeuble de moyenne hauteur IMH), complexes touristique, sportif, commercial, culturel ou industriel, construction ou de r\u00e9habilitation routi\u00e8re, construction des ouvrages d\u2019art\u2026)\u00a0\u00bb, renseigne le communiqu\u00e9.<\/p>\n<p>De fa\u00e7on sp\u00e9cifique, il s\u2019agira de \u00ab pr\u00e9senter des exp\u00e9riences sp\u00e9cifiques acquises dans la conduite des \u00e9tudes techniques, environnementales et sociale, des contr\u00f4les, des ma\u00eetrises d\u2019\u0153uvre compl\u00e8te des projets similaires notamment : la construction des abattoirs ou industriels similaire, la construction des entrep\u00f4ts frigorifiques et les constructions routi\u00e8res similaires \u00bb.<\/p>\n<p><strong>Lire aussi<\/strong> : <strong><a href=\"https:\/\/ecomatin.net\/filiere-porcine-le-gouvernement-va-importer-300-porcs-geniteurs-pour-booster-la-filiere\/\">Fili\u00e8re porcine : le gouvernement va importer 300 porcs g\u00e9niteurs pour booster la fili\u00e8re<\/a><\/strong><\/p>\n<p>Les missions qui seront alors assign\u00e9es \u00e0 l\u2019adjudicataire de ce march\u00e9 sont : l\u2019organisation et la pr\u00e9paration ; l\u2019examen de la conformit\u00e9 au projet et visa des \u00e9tudes d\u2019ex\u00e9cution r\u00e9alis\u00e9es par les entreprises (Visa) ; la direction de l\u2019ex\u00e9cution du contrat de travaux (DET) ; l\u2019ordonnancement, le pilotage et la coordination du chantier (OPC) et l\u2019assistance apport\u00e9e au ma\u00eetre de l\u2019ouvrage des op\u00e9rations de r\u00e9ception et pendant la p\u00e9riode de garantie de parfait ach\u00e8vement (AOR).Ce nouvel abattoir viendra ainsi renforcer les capacit\u00e9s d\u2019abatage de la ville de Douala. Car rappelons-le, la\u00a0<strong><a href=\"https:\/\/ecomatin.net\/le-capital-de-lanavet-et-sodepa-desormais-ouvert-aux-prives\/\">Soci\u00e9t\u00e9 de d\u00e9veloppement et d\u2019exploitation des productions animales<\/a><\/strong>\u00a0(Sodepa), y dispose d\u2019un abattoir moderne b\u00e9n\u00e9ficiant de deux lignes d\u2019abattage dont l\u2019une pour les bovins et l\u2019autre pour les ovins et les porcins.<\/p>\n<p><strong>Le Pdcvep en question<\/strong><\/p>\n<p>C\u2019est le 22 avril dernier que le ministre de l\u2019Elevage, des p\u00eaches et des industries animales, Dr Ta\u00efga avait proc\u00e9d\u00e9 au lancement officiel du Projet de d\u00e9veloppement des chaines de valeur de l\u2019\u00e9levage et de la pisciculture (Pdcvep). Le projet d\u2019une dur\u00e9e de 5 ans b\u00e9n\u00e9ficie d\u2019un financement global de 65 milliards de Fcfa, dont un financement de la Banque africaine de d\u00e9veloppement \u00e0 hauteur de 84 millions d\u2019euros, soit 55 milliards de Fcfa et des fonds propres de 10 milliards de Fcfa.<\/p>\n<p><strong>Lire aussi<\/strong> : <strong><a href=\"https:\/\/ecomatin.net\/le-capital-de-lanavet-et-sodepa-desormais-ouvert-aux-prives\/\">Le capital de Lanavet et Sodepa d\u00e9sormais ouvert aux priv\u00e9s<\/a><\/strong><\/p>\n<p>Le projet cible les fili\u00e8res bovine, piscicole et porcine et a pour objectif global de contribuer de mani\u00e8re inclusive \u00e0 l\u2019am\u00e9lioration de la s\u00e9curit\u00e9 alimentaire et nutritionnelle et la r\u00e9duction de la pauvret\u00e9 dans sa zone d\u2019intervention. De fa\u00e7on pr\u00e9cise, il vise l\u2019accroissement comp\u00e9titif et hygi\u00e9nique des produits bovins, porcins et piscicoles et l\u2019am\u00e9lioration des revenus des acteurs ainsi que la cr\u00e9ation de nouveaux emplois dans les trois cha\u00eenes de valeur. Il vise aussi la promotion de l\u2019entrepreneuriat et la cr\u00e9ation de l\u2019emploi des jeunes dipl\u00f4m\u00e9s et adresse les pr\u00e9occupations de modernisation de l\u2019appareil productif.<\/p>\n<p>L\u2019article <a rel=\"nofollow\" href=\"https:\/\/ecomatin.net\/elevage-le-pdcvep-veut-construire-un-abattoir-a-douala\/\">Elevage : le Pdcvep veut construire un abattoir \u00e0 Douala<\/a> est apparu en premier sur <a rel=\"nofollow\" href=\"https:\/\/ecomatin.net\/\">EcoMatin<\/a>.<\/p>\n<\/div>\n<p>Auteur: Cindy MBALA<br \/>\n<a href=\"https:\/\/ecomatin.net\/elevage-le-pdcvep-veut-construire-un-abattoir-a-douala\/\">Cliquez ici pour lire l&rsquo;article depuis sa source.<\/a><\/p>\n","protected":false},"excerpt":{"rendered":"<p>Quelques mois apr\u00e8s son lancement,\u00a0le Projet de d\u00e9veloppement des chaines de valeur de l\u2019\u00e9levage et de la pisciculture\u00a0(Pdcvep), est \u00e0 pied d\u2019\u0153uvre. Le projet coordonn\u00e9 par le Dr Aboubakar Njoya, vient de lancer un avis \u00e0 manifestation d\u2019int\u00e9r\u00eat \u00ab portant sur la ma\u00eetrise d\u2019\u0153uvre compl\u00e8te des travaux d\u2019entrep\u00f4t, d\u2019am\u00e9nagement de la voie d\u2019acc\u00e8s, de l\u2019extension [&hellip;]<\/p>\n","protected":false},"author":1969,"featured_media":0,"comment_status":"closed","ping_status":"closed","sticky":false,"template":"","format":"standard","meta":{"fifu_image_url":"","fifu_image_alt":"","footnotes":""},"categories":[82,78],"tags":[],"class_list":["post-125357","post","type-post","status-publish","format-standard","hentry","category-cameroun","category-economie"],"_links":{"self":[{"href":"https:\/\/linitiative.ca\/International\/wp-json\/wp\/v2\/posts\/125357","targetHints":{"allow":["GET"]}}],"collection":[{"href":"https:\/\/linitiative.ca\/International\/wp-json\/wp\/v2\/posts"}],"about":[{"href":"https:\/\/linitiative.ca\/International\/wp-json\/wp\/v2\/types\/post"}],"author":[{"embeddable":true,"href":"https:\/\/linitiative.ca\/International\/wp-json\/wp\/v2\/users\/1969"}],"replies":[{"embeddable":true,"href":"https:\/\/linitiative.ca\/International\/wp-json\/wp\/v2\/comments?post=125357"}],"version-history":[{"count":0,"href":"https:\/\/linitiative.ca\/International\/wp-json\/wp\/v2\/posts\/125357\/revisions"}],"wp:attachment":[{"href":"https:\/\/linitiative.ca\/International\/wp-json\/wp\/v2\/media?parent=125357"}],"wp:term":[{"taxonomy":"category","embeddable":true,"href":"https:\/\/linitiative.ca\/International\/wp-json\/wp\/v2\/categories?post=125357"},{"taxonomy":"post_tag","embeddable":true,"href":"https:\/\/linitiative.ca\/International\/wp-json\/wp\/v2\/tags?post=125357"}],"curies":[{"name":"wp","href":"https:\/\/api.w.org\/{rel}","templated":true}]}}