{"id":125358,"date":"2021-08-27T09:31:42","date_gmt":"2021-08-27T13:31:42","guid":{"rendered":"https:\/\/linitiative.ca\/International\/affaire-amadou-vamoulke-lancien-dg-de-la-crtv-denonce-labsence-de-ses-collaborateurs-devant-la-barre\/"},"modified":"2021-08-27T09:31:42","modified_gmt":"2021-08-27T13:31:42","slug":"affaire-amadou-vamoulke-lancien-dg-de-la-crtv-denonce-labsence-de-ses-collaborateurs-devant-la-barre","status":"publish","type":"post","link":"https:\/\/linitiative.ca\/International\/affaire-amadou-vamoulke-lancien-dg-de-la-crtv-denonce-labsence-de-ses-collaborateurs-devant-la-barre\/","title":{"rendered":"Affaire Amadou Vamoulke : l\u2019ancien DG de la Crtv d\u00e9nonce l\u2019absence de ses collaborateurs devant la barre"},"content":{"rendered":"<div>\n<p>L\u2019apurement des comptes tiers fournisseur suscite l\u2019attention de l\u2019accusation. Le Minist\u00e8re public reproche \u00e0 l\u2019accus\u00e9 Amadou Vamoulke de faire recourt \u00e0 ce proc\u00e9d\u00e9 sans l\u2019aval du Conseil d\u2019administration. Il s\u2019en est suivi une perte financi\u00e8re de 2,143 milliards. Or, l\u2019article 41 de la loi du 22 d\u00e9cembre 1999 portant statut g\u00e9n\u00e9ral des \u00e9tablissements publics et des entreprises du secteur public et parapublic mentionne l\u2019accord pr\u00e9alable du Conseil d\u2019administration\u00a0:\u00a0\u00ab\u00a0Pouvez-vous produire la r\u00e9solution du Conseil d\u2019administration vous ayant autoris\u00e9 \u00e0 faire proc\u00e9der \u00e0 l\u2019apurement des comptes tiers fournisseur\u00a0?\u00a0\u00bb\u00a0Ainsi, questionne le Minist\u00e8re public.\u00a0\u00ab\u00a0Vous ne trouverez nulle part cette autorisation dans les entreprises publiques.\u00a0\u00bb\u00a0Amadou Vamoulke note que l\u2019apurement des comptes tiers est une demande du Conseil d\u2019administration.\u00a0\u00ab\u00a0Elle a \u00e9t\u00e9 faite selon les r\u00e8gles de l\u2019art. La r\u00e9solution est implicite du moment o\u00f9 le Conseil d\u2019administration approuve les comptes (\u2026) Lorsque vous dites d\u00e9tournement de la somme de 02 milliards Fcfa, elle est o\u00f9 cette somme\u00a0?\u00a0\u00bb<\/p>\n<p><strong>Lire aussi<\/strong> : <strong><a href=\"https:\/\/ecomatin.net\/affaire-vamoulke-10-milliards-de-fcfa-comptabilisess-au-tresor-ne-ressortent-pas-dans-les-documents-a-la-crtv\/\">Affaire Vamoulk\u00e9 : les contradictions de l\u2019audit de la Crtv<\/a><\/strong><\/p>\n<p>Au cours de l\u2019ann\u00e9e 2010, la Crtv signe un contrat avec l\u2019entreprise Ccfoot Limited. Ce contrat consiste en l\u2019acquisition des images de la Coupe d\u2019Afrique des nations (Can) Angola de la m\u00eame ann\u00e9e. L\u2019accus\u00e9 reproche au t\u00e9moin du Minist\u00e8re public, monsieur Bela Belinga d\u2019avoir \u00e9voqu\u00e9 le d\u00e9faut de mat\u00e9rialisation de l\u2019objet du contrat. Ce qui suscite en lui des interrogations\u00a0:\u00a0\u00ab\u00a0Monsieur l\u2019Avocat g\u00e9n\u00e9ral, n\u2019avez-vous pas vu la Can 2010\u00a0? Y a-t-il quelqu\u2019un dans cette salle qui n\u2019a pas vu la Can\u00a0? Que cette personne l\u00e8ve le doigt\u00bb.\u00a0La r\u00e9alisation de l\u2019objet du contrat est mat\u00e9rialis\u00e9e par l\u2019attestation du service fait. Appel\u00e9 \u00e0 produire ladite attestation, Amadou Vamoulke balaie d\u2019un revers de la main la demande du Minist\u00e8re public\u00a0:\u00a0\u00ab\u00a0Il n\u2019y a pas une seule entreprise au monde o\u00f9 la production de l\u2019attestation du service fait rel\u00e8ve du ressort du directeur g\u00e9n\u00e9ral. On a mieux \u00e0 faire.\u00a0\u00bb<\/p>\n<p>En outre, l\u2019ex-directeur g\u00e9n\u00e9ral de la Cameroon Radio Television (Crtv) souligne que l\u2019entreprise\u00a0\u00a0Ccfoot est la personne morale ayant proc\u00e9d\u00e9 \u00e0 la fourniture de l\u2019offre de service.\u00a0\u00ab\u00a0Mais, le b\u00e9n\u00e9ficiaire du virement est diff\u00e9rent\u00bb.\u00a0Ce qui conduit le t\u00e9moin de l\u2019accusation \u00e0 d\u00e9duire qu\u2019il y a eu d\u00e9tournement\u00a0\u00ab\u00a0et qu\u2019il est possible que ce b\u00e9n\u00e9ficiaire c\u2019est moi. C\u2019est Ccfoot qui a ex\u00e9cut\u00e9 le contrat. La diff\u00e9rence entre l\u2019offreur initial et le b\u00e9n\u00e9ficiaire n\u2019est pas notre pr\u00e9occupation. Il y a une documentation qui montre que Ccfoot indique que c\u2019est \u00e0 ce compte-l\u00e0 qu\u2019il faut virer l\u2019argent\u00bb.\u00a0Le pensionnaire de la prison centrale de kondengui ne manque pas de rappeler que les pays tel le S\u00e9n\u00e9gal, le Gabon, le Ghana ont proc\u00e9d\u00e9 au paiement des images \u00e0 travers le m\u00eame proc\u00e9d\u00e9.<\/p>\n<p><strong>Primes indues<\/strong><\/p>\n<p>Dans cette proc\u00e9dure, <strong><a href=\"https:\/\/ecomatin.net\/affaire-vamoulke-10-milliards-de-fcfa-comptabilisess-au-tresor-ne-ressortent-pas-dans-les-documents-a-la-crtv\/\">Amadou Vamoulke est \u00e9galement accus\u00e9 d\u2019avoir per\u00e7u des primes indues avec ses anciens collaborateurs<\/a><\/strong>. Ces r\u00e9tributions sont relatives \u00e0 la r\u00e9mun\u00e9ration des travaux sp\u00e9ciaux ayant port\u00e9 sur le budget programme. Le Parquet g\u00e9n\u00e9ral sollicite de l\u2019accus\u00e9, la production \u00e0 l\u2019adresse du Tribunal des r\u00e9solutions du Conseil d\u2019administration qui mandatent le mis en cause pour effectuer ces paiements querell\u00e9s.\u00a0\u00a0L\u2019ex-directeur de la Crtv rappelle d\u2019entr\u00e9e de jeu que le paiement des primes a deux fondements. Un texte du premier ministre. Le deuxi\u00e8me fondement c\u2019est le budget de la Crtv. Cependant, Amadou Vamoulke d\u00e9nonce la politique du deux poids deux mesures\u00a0:\u00a0\u00ab\u00a0Est-ce que vous trouvez logique que les sommes per\u00e7ues par les employ\u00e9s encore vivants de la Crtv\u00a0\u00a0soient r\u00e9clam\u00e9es ou imput\u00e9es au seul directeur g\u00e9n\u00e9ral\u00a0?\u00a0\u00bb<\/p>\n<p><strong>Lire aussi<\/strong> : <strong><a href=\"https:\/\/ecomatin.net\/operation-epervier-des-ong-demandent-levacuation-sanitaire-damadou-vamoulke\/\">Op\u00e9ration Epervier : des ONG demandent l\u2019\u00e9vacuation sanitaire d\u2019Amadou Vamoulk\u00e9<\/a><\/strong><\/p>\n<p>A la question de savoir \u00e0 qui incombait la responsabilit\u00e9 financi\u00e8re de la Crtv lorsqu\u2019il officiait ex qualit\u00e9 de directeur g\u00e9n\u00e9ral, Amadou Vamoulke marche sur les \u0153ufs. L\u2019accus\u00e9 indique que le mot\u00a0\u00ab\u00a0responsabilit\u00e9\u00a0\u00bb\u00a0a quelques parent\u00e9s avec le verbe\u00a0\u00ab\u00a0r\u00e9pondre\u00a0\u00bb. A cet effet, qui r\u00e9pond\u00a0?\u00a0\u00ab\u00a0Tous ceux qui interviennent dans la chaine de d\u00e9pense. Le directeur g\u00e9n\u00e9ral ordonne le paiement. Mais, la logique qui l\u2019y conduit est construite par ses collaborateurs.\u00a0\u00bb\u00a0Il ajoute que\u00a0\u00a0les liasses de d\u00e9pense, c\u2019est-\u00e0-dire les dossiers comportant tous les \u00e9l\u00e9ments sont suffisamment explicites pour indiquer qui a eu quelle initiative, qui a contr\u00f4l\u00e9 qui a approuv\u00e9.\u00a0\u00ab\u00a0G\u00e9n\u00e9ralement, le premier document vient du directeur des affaires administrative et financi\u00e8re (Daaf) qui fait une note\u00bb.<\/p>\n<p>\u00a0Par ailleurs, Amadou Vamoulke est appel\u00e9 \u00e0 r\u00e9pondre des faits pr\u00e9sum\u00e9s de d\u00e9tournement des sommes de 10 milliards 662 millions 669 mille 306 Fcfa\u00a0; 525 millions 384 mille 483 Fcfa\u00a0; 235 millions Fcfa:\u00a0\u00ab\u00a0Si les accusations ont pour fondement une absence de justificatifs, et compte tenu du fait que le t\u00e9moin unique, en deux mois de contr\u00f4le sur 06 exercices avait pu attendre la production des documents, il les aurait eus. Mais comme l\u2019objet de son implication \u00e9tait d\u2019un autre ordre, il ne pouvait pas attendre\u00bb.\u00a0Toutefois, l\u2019accus\u00e9 dit \u00eatre serein.<\/p>\n<p><strong>Lire aussi<\/strong> : <strong><a href=\"https:\/\/ecomatin.net\/contentieux-jean-louis-beh-mengue-soupconnee-du-detournement-de-389720-millions-de-fcfa\/\">Contentieux : Jean-Louis Beh Mengue soup\u00e7onn\u00e9 du d\u00e9tournement de 389,720 millions de FCFA<\/a><\/strong><\/p>\n<p>A la suite du contre-interrogatoire d\u2019Amadou Vamoulke par le Minist\u00e8re public, l\u2019audience est suspendue. Elle est renvoy\u00e9e aux 03 et 09 septembre prochains.<\/p>\n<p>Dans le cadre de cette affaire, le Minist\u00e8re public et l\u2019Etat du Cameroun poursuivent d\u2019autres accus\u00e9s.\u00a0Jean Pierre Mbiaga, Belinga Gabriel, Ngamva Lucie, Abel Gara, Zufambom Vishiti Christianna \u00e9pouse Vega, r\u00e9pondent eux-aussi des infractions de\u00a0d\u00e9tournement de biens publics et coaction.<\/p>\n<p><strong>Ren\u00e9 Ombala<\/strong><\/p>\n<p>L\u2019article <a rel=\"nofollow\" href=\"https:\/\/ecomatin.net\/affaire-amadou-vamoulke-lancien-dg-de-la-crtv-denonce-labsence-de-ses-collaborateurs-devant-la-barre\/\">Affaire Amadou Vamoulke : l\u2019ancien DG de la Crtv d\u00e9nonce l\u2019absence de ses collaborateurs devant la barre<\/a> est apparu en premier sur <a rel=\"nofollow\" href=\"https:\/\/ecomatin.net\/\">EcoMatin<\/a>.<\/p>\n<\/div>\n<p>Auteur: EcoMatin<br \/>\n<a href=\"https:\/\/ecomatin.net\/affaire-amadou-vamoulke-lancien-dg-de-la-crtv-denonce-labsence-de-ses-collaborateurs-devant-la-barre\/\">Cliquez ici pour lire l&rsquo;article depuis sa source.<\/a><\/p>\n","protected":false},"excerpt":{"rendered":"<p>L\u2019apurement des comptes tiers fournisseur suscite l\u2019attention de l\u2019accusation. Le Minist\u00e8re public reproche \u00e0 l\u2019accus\u00e9 Amadou Vamoulke de faire recourt \u00e0 ce proc\u00e9d\u00e9 sans l\u2019aval du Conseil d\u2019administration. Il s\u2019en est suivi une perte financi\u00e8re de 2,143 milliards. Or, l\u2019article 41 de la loi du 22 d\u00e9cembre 1999 portant statut g\u00e9n\u00e9ral des \u00e9tablissements publics et [&hellip;]<\/p>\n","protected":false},"author":1969,"featured_media":0,"comment_status":"closed","ping_status":"closed","sticky":false,"template":"","format":"standard","meta":{"fifu_image_url":"","fifu_image_alt":"","footnotes":""},"categories":[82,78],"tags":[],"class_list":["post-125358","post","type-post","status-publish","format-standard","hentry","category-cameroun","category-economie"],"_links":{"self":[{"href":"https:\/\/linitiative.ca\/International\/wp-json\/wp\/v2\/posts\/125358","targetHints":{"allow":["GET"]}}],"collection":[{"href":"https:\/\/linitiative.ca\/International\/wp-json\/wp\/v2\/posts"}],"about":[{"href":"https:\/\/linitiative.ca\/International\/wp-json\/wp\/v2\/types\/post"}],"author":[{"embeddable":true,"href":"https:\/\/linitiative.ca\/International\/wp-json\/wp\/v2\/users\/1969"}],"replies":[{"embeddable":true,"href":"https:\/\/linitiative.ca\/International\/wp-json\/wp\/v2\/comments?post=125358"}],"version-history":[{"count":0,"href":"https:\/\/linitiative.ca\/International\/wp-json\/wp\/v2\/posts\/125358\/revisions"}],"wp:attachment":[{"href":"https:\/\/linitiative.ca\/International\/wp-json\/wp\/v2\/media?parent=125358"}],"wp:term":[{"taxonomy":"category","embeddable":true,"href":"https:\/\/linitiative.ca\/International\/wp-json\/wp\/v2\/categories?post=125358"},{"taxonomy":"post_tag","embeddable":true,"href":"https:\/\/linitiative.ca\/International\/wp-json\/wp\/v2\/tags?post=125358"}],"curies":[{"name":"wp","href":"https:\/\/api.w.org\/{rel}","templated":true}]}}