{"id":125359,"date":"2021-08-27T12:23:46","date_gmt":"2021-08-27T16:23:46","guid":{"rendered":"https:\/\/linitiative.ca\/International\/extreme-nord-4195-milliards-de-fcfa-pour-la-reconstruction-du-pont-palar\/"},"modified":"2021-08-27T12:23:46","modified_gmt":"2021-08-27T16:23:46","slug":"extreme-nord-4195-milliards-de-fcfa-pour-la-reconstruction-du-pont-palar","status":"publish","type":"post","link":"https:\/\/linitiative.ca\/International\/extreme-nord-4195-milliards-de-fcfa-pour-la-reconstruction-du-pont-palar\/","title":{"rendered":"Extr\u00eame-Nord : 4,195 milliards de Fcfa pour la reconstruction du pont Palar"},"content":{"rendered":"<div>\n<p>Pr\u00e8s d\u2019un an apr\u00e8s l\u2019effondrement du Pont Palar sur le Mayo Kallio, dans la r\u00e9gion de l\u2019Extr\u00eame-Nord, voici qu\u2019est annonc\u00e9 le processus de r\u00e9habilitation. En effet lors de sa visite de travail dans la r\u00e9gion ladite le ministre des travaux publics \u00e0 proc\u00e9d\u00e9 \u00e0 la pose de la premi\u00e8re pierre de la reconstruction de cet ouvrage d\u2019art. L\u2019on se souvient que la pluie qui s\u2019est abattue sur la r\u00e9gion dans la nuit du 30 au 31 ao\u00fbt 2020 avait conduit \u00e0\u00a0\u00a0l\u2019affaissement du pont Palar, partie composante du tron\u00e7on routier Maroua-Mora de la nationale n\u00b01, dans le d\u00e9partement du Diamar\u00e9.<\/p>\n<p><strong>Lire aussi<\/strong> : <strong><a href=\"https:\/\/ecomatin.net\/les-chantiers-a-venir-apres-les-inondations-a-lextreme-nord\/\">Les chantiers \u00e0 venir apr\u00e8s les inondations \u00e0 l\u2019Extr\u00eame-Nord<\/a><\/strong><\/p>\n<p>La reconstruction du pont Palar se chiffre \u00e0 4,195 milliards de Fcfa, pour un march\u00e9 de la maitrise d\u2019\u0153uvre de 320 millions de Fcfa. La r\u00e9alisation de ce march\u00e9 a \u00e9t\u00e9 confi\u00e9e par l\u2019entreprise groupement Armanda\u00a0AM SARL et STE ARMADA SA \/ AG, pour un d\u00e9lai d\u2019ex\u00e9cution des travaux de 16 mois, soit une \u00e9ch\u00e9ance de livraison pr\u00e9vue pour le 31 septembre 2023.<\/p>\n<p>La fiche technique des travaux\u00a0\u00a0indique qu\u2019il est envisag\u00e9 la construction d\u2019un pont long de 70 m\u00e8tres (contre 60 m\u00e8tres avant), \u00e0 une trav\u00e9e, type bipoutre mixte acier-b\u00e9ton assis sur des fondations profondes. L\u2019infrastructure sera construite en mode conception\/r\u00e9alisation.<\/p>\n<p><strong>Lire aussi<\/strong> : <strong><a href=\"https:\/\/ecomatin.net\/lunion-europeenne-offre-328-millions-au-cameroun-suite-aux-inondations\/\">L\u2019Union europ\u00e9enne offre 328 millions au Cameroun suite aux inondations<\/a><\/strong><\/p>\n<p>La r\u00e9habilitation de ce pont, vise ainsi \u00e0 relier les villes de Maroua et de Kousseri dans l\u2019Extr\u00eame-Nord. Indiquons \u00e0 la suite de la destruction du pont, le ministre des Travaux publics avait en place un syst\u00e8me de radier qui permet d\u2019assurer jusqu\u2019\u00e0 l\u2019heure actuelle la liaison routi\u00e8re ceci pour une enveloppe de 100 millions de Fcfa.<\/p>\n<p>L\u2019article <a rel=\"nofollow\" href=\"https:\/\/ecomatin.net\/extreme-nord-4195-milliards-de-fcfa-pour-la-reconstruction-du-pont-palar\/\">Extr\u00eame-Nord : 4,195 milliards de Fcfa pour la reconstruction du pont Palar<\/a> est apparu en premier sur <a rel=\"nofollow\" href=\"https:\/\/ecomatin.net\/\">EcoMatin<\/a>.<\/p>\n<\/div>\n<p>Auteur: Cindy MBALA<br \/>\n<a href=\"https:\/\/ecomatin.net\/extreme-nord-4195-milliards-de-fcfa-pour-la-reconstruction-du-pont-palar\/\">Cliquez ici pour lire l&rsquo;article depuis sa source.<\/a><\/p>\n","protected":false},"excerpt":{"rendered":"<p>Pr\u00e8s d\u2019un an apr\u00e8s l\u2019effondrement du Pont Palar sur le Mayo Kallio, dans la r\u00e9gion de l\u2019Extr\u00eame-Nord, voici qu\u2019est annonc\u00e9 le processus de r\u00e9habilitation. En effet lors de sa visite de travail dans la r\u00e9gion ladite le ministre des travaux publics \u00e0 proc\u00e9d\u00e9 \u00e0 la pose de la premi\u00e8re pierre de la reconstruction de cet [&hellip;]<\/p>\n","protected":false},"author":1969,"featured_media":0,"comment_status":"closed","ping_status":"closed","sticky":false,"template":"","format":"standard","meta":{"fifu_image_url":"","fifu_image_alt":"","footnotes":""},"categories":[82,78],"tags":[],"class_list":["post-125359","post","type-post","status-publish","format-standard","hentry","category-cameroun","category-economie"],"_links":{"self":[{"href":"https:\/\/linitiative.ca\/International\/wp-json\/wp\/v2\/posts\/125359","targetHints":{"allow":["GET"]}}],"collection":[{"href":"https:\/\/linitiative.ca\/International\/wp-json\/wp\/v2\/posts"}],"about":[{"href":"https:\/\/linitiative.ca\/International\/wp-json\/wp\/v2\/types\/post"}],"author":[{"embeddable":true,"href":"https:\/\/linitiative.ca\/International\/wp-json\/wp\/v2\/users\/1969"}],"replies":[{"embeddable":true,"href":"https:\/\/linitiative.ca\/International\/wp-json\/wp\/v2\/comments?post=125359"}],"version-history":[{"count":0,"href":"https:\/\/linitiative.ca\/International\/wp-json\/wp\/v2\/posts\/125359\/revisions"}],"wp:attachment":[{"href":"https:\/\/linitiative.ca\/International\/wp-json\/wp\/v2\/media?parent=125359"}],"wp:term":[{"taxonomy":"category","embeddable":true,"href":"https:\/\/linitiative.ca\/International\/wp-json\/wp\/v2\/categories?post=125359"},{"taxonomy":"post_tag","embeddable":true,"href":"https:\/\/linitiative.ca\/International\/wp-json\/wp\/v2\/tags?post=125359"}],"curies":[{"name":"wp","href":"https:\/\/api.w.org\/{rel}","templated":true}]}}