{"id":125368,"date":"2021-08-27T16:00:28","date_gmt":"2021-08-27T20:00:28","guid":{"rendered":"https:\/\/linitiative.ca\/International\/taourirt-arrestation-dun-malfrat-qui-a-blesse-un-commissaire-de-police\/"},"modified":"2021-08-27T16:00:28","modified_gmt":"2021-08-27T20:00:28","slug":"taourirt-arrestation-dun-malfrat-qui-a-blesse-un-commissaire-de-police","status":"publish","type":"post","link":"https:\/\/linitiative.ca\/International\/taourirt-arrestation-dun-malfrat-qui-a-blesse-un-commissaire-de-police\/","title":{"rendered":"Taourirt : Arrestation d\u2019un malfrat qui a bless\u00e9 un commissaire de police"},"content":{"rendered":"<div>\n<p><img decoding=\"async\" width=\"300\" height=\"153\" src=\"https:\/\/linitiative.ca\/International\/wp-content\/uploads\/sites\/23\/2021\/08\/arrestation20202-300x153-1.jpg\" class=\"attachment-medium size-medium wp-post-image\" alt=\"\" loading=\"lazy\" srcset=\"\/\/aujourdhui.ma\/wp-content\/uploads\/2021\/08\/arrestation20202-300x153.jpg 300w, \/\/aujourdhui.ma\/wp-content\/uploads\/2021\/08\/arrestation20202-274x140.jpg 274w, \/\/aujourdhui.ma\/wp-content\/uploads\/2021\/08\/arrestation20202.jpg 746w, \/\/aujourdhui.ma\/wp-content\/uploads\/2021\/08\/arrestation20202-165x84.jpg 165w, \/\/aujourdhui.ma\/wp-content\/uploads\/2021\/08\/arrestation20202-702x358.jpg 702w\" sizes=\"auto, (max-width: 300px) 100vw, 300px\"><\/p>\n<p><span style=\"color: #993300;\"><strong>A Taourirt, un malfaiteur, repris de justice de son \u00e9tat, arm\u00e9 d\u2019un couteau, a bless\u00e9, le soir du mardi dernier, un commissaire de police avant de monter sur la terrasse de son domicile et menacer de se jeter en l\u2019air.<\/strong><\/span><span id=\"more-385224\"><\/span><\/p>\n<p>Un comportement agressif du malfrat qui a pouss\u00e9 l\u2019un des limiers de la brigade, relevant du district de la s\u00fbret\u00e9 de Taourirt, \u00e0 tirer une balle de sommation afin que l\u2019irr\u00e9parable ne se soit produit. Ce malfaiteur a fini par obtemp\u00e9rer aux ordres des policiers, descendre de la terrasse et se livrer \u00e0 eux. Quant au commissaire de police touch\u00e9 par l\u2019arme blanche, il a \u00e9t\u00e9 emmen\u00e9 \u00e0 l\u2019h\u00f4pital.<\/p>\n<\/div>\n<p>Auteur: Abderrafii ALOUMLIKI<br \/>\n<a href=\"https:\/\/aujourdhui.ma\/faits-divers\/taourirt-arrestation-dun-malfrat-qui-a-blesse-un-commissaire-de-police\">Cliquez ici pour lire l&rsquo;article depuis sa source.<\/a><\/p>\n","protected":false},"excerpt":{"rendered":"<p>A Taourirt, un malfaiteur, repris de justice de son \u00e9tat, arm\u00e9 d\u2019un couteau, a bless\u00e9, le soir du mardi dernier, un commissaire de police avant de monter sur la terrasse de son domicile et menacer de se jeter en l\u2019air. Un comportement agressif du malfrat qui a pouss\u00e9 l\u2019un des limiers de la brigade, relevant [&hellip;]<\/p>\n","protected":false},"author":1759,"featured_media":0,"comment_status":"closed","ping_status":"closed","sticky":false,"template":"","format":"standard","meta":{"fifu_image_url":"https:\/\/aujourdhui.ma\/wp-content\/uploads\/2021\/08\/arrestation20202-300x153.jpg","fifu_image_alt":"Taourirt : Arrestation d\u2019un malfrat qui a bless\u00e9 un commissaire de police","footnotes":""},"categories":[73,54],"tags":[],"class_list":["post-125368","post","type-post","status-publish","format-standard","hentry","category-actualite","category-maroc"],"_links":{"self":[{"href":"https:\/\/linitiative.ca\/International\/wp-json\/wp\/v2\/posts\/125368","targetHints":{"allow":["GET"]}}],"collection":[{"href":"https:\/\/linitiative.ca\/International\/wp-json\/wp\/v2\/posts"}],"about":[{"href":"https:\/\/linitiative.ca\/International\/wp-json\/wp\/v2\/types\/post"}],"author":[{"embeddable":true,"href":"https:\/\/linitiative.ca\/International\/wp-json\/wp\/v2\/users\/1759"}],"replies":[{"embeddable":true,"href":"https:\/\/linitiative.ca\/International\/wp-json\/wp\/v2\/comments?post=125368"}],"version-history":[{"count":0,"href":"https:\/\/linitiative.ca\/International\/wp-json\/wp\/v2\/posts\/125368\/revisions"}],"wp:attachment":[{"href":"https:\/\/linitiative.ca\/International\/wp-json\/wp\/v2\/media?parent=125368"}],"wp:term":[{"taxonomy":"category","embeddable":true,"href":"https:\/\/linitiative.ca\/International\/wp-json\/wp\/v2\/categories?post=125368"},{"taxonomy":"post_tag","embeddable":true,"href":"https:\/\/linitiative.ca\/International\/wp-json\/wp\/v2\/tags?post=125368"}],"curies":[{"name":"wp","href":"https:\/\/api.w.org\/{rel}","templated":true}]}}