{"id":125370,"date":"2021-08-28T10:40:31","date_gmt":"2021-08-28T14:40:31","guid":{"rendered":"https:\/\/linitiative.ca\/International\/rentree-scolaire-les-modes-denseignement-tributaires-du-progres-en-termes-dimmunite-collective\/"},"modified":"2021-08-28T10:40:31","modified_gmt":"2021-08-28T14:40:31","slug":"rentree-scolaire-les-modes-denseignement-tributaires-du-progres-en-termes-dimmunite-collective","status":"publish","type":"post","link":"https:\/\/linitiative.ca\/International\/rentree-scolaire-les-modes-denseignement-tributaires-du-progres-en-termes-dimmunite-collective\/","title":{"rendered":"Rentr\u00e9e scolaire : Les modes d\u2019enseignement tributaires du progr\u00e8s en termes d\u2019immunit\u00e9 collective"},"content":{"rendered":"<div>\n<p><img decoding=\"async\" width=\"300\" height=\"167\" src=\"https:\/\/linitiative.ca\/International\/wp-content\/uploads\/sites\/23\/2021\/08\/Rentree-scolaire-2013-09-04-300x167-1.jpg\" class=\"attachment-medium size-medium wp-post-image\" alt=\"\" loading=\"lazy\" srcset=\"\/\/aujourdhui.ma\/wp-content\/uploads\/2016\/02\/Rentree-scolaire-2013-09-04-300x167.jpg 300w, \/\/aujourdhui.ma\/wp-content\/uploads\/2016\/02\/Rentree-scolaire-2013-09-04.jpg 640w\" sizes=\"auto, (max-width: 300px) 100vw, 300px\"><\/p>\n<p><strong>La rentr\u00e9e scolaire \u202a2021-2022\u202c se d\u00e9roulera selon des modes p\u00e9dagogiques prenant en consid\u00e9ration, outre les mesures annonc\u00e9es pr\u00e9c\u00e9demment, le progr\u00e8s enregistr\u00e9 sur la voie de l\u2019immunit\u00e9 collective face \u00e0 la Covid-19, a annonc\u00e9 samedi le minist\u00e8re de l\u2019\u00c9ducation nationale, de la formation professionnelle, de l\u2019enseignement sup\u00e9rieur et de la recherche scientifique.<\/strong><span id=\"more-385302\"><\/span><\/p>\n<p>Dans un communiqu\u00e9 publi\u00e9 samedi, le minist\u00e8re souligne que cette d\u00e9cision tient en compte l\u2019\u00e9volution de la situation \u00e9pid\u00e9miologique et des disparit\u00e9s constat\u00e9es entre les diverses r\u00e9gions et provinces du Royaume, de m\u00eame que l\u2019\u00e9tude des diff\u00e9rents sc\u00e9narios possibles d\u2019organisation de la scolarit\u00e9 dans un tel contexte.<\/p>\n<p>La rentr\u00e9e scolaire prendra en consid\u00e9ration l\u2019op\u00e9ration de vaccination pour la tranche d\u2019\u00e2ge 12-17 ans, aux c\u00f4t\u00e9s des mesures qu\u2019adopteront les autorit\u00e9s comp\u00e9tentes pour faire face \u00e0 la propagation de la pand\u00e9mie de Covid-19, afin de garantir un apprentissage dans des conditions optimales de s\u00e9curit\u00e9 pour tous les \u00e9l\u00e8ves, les cadres p\u00e9dagogiques et administratifs.<\/p>\n<p>\u00ab\u00a0A l\u2019instar de la pr\u00e9c\u00e9dente ann\u00e9e scolaire, la volont\u00e9 des familles sera prise en compte concernant le mode p\u00e9dagogique \u00e0 adopter, sachant que le minist\u00e8re veillera \u00e0 ce que les diff\u00e9rentes formules d\u2019apprentissage p\u00e9dagogique soient disponibles\u00a0\u00bb, ajoute le communiqu\u00e9.<\/p>\n<p>S\u2019agissant des modes p\u00e9dagogiques qui seront adopt\u00e9s par les \u00e9tablissements d\u2019enseignement publics et priv\u00e9s, ainsi que par les \u00e9coles des missions \u00e9trang\u00e8res, le minist\u00e8re pr\u00e9cise que le mode d\u2019enseignement pr\u00e9sentiel sera adopt\u00e9 dans les \u00e9tablissements scolaires r\u00e9unissant les conditions mat\u00e9rielles de distanciation physique, comme c\u2019est le cas pour les \u00e9tablissements situ\u00e9s en milieu rural, \u00e0 condition que le nombre des \u00e9l\u00e8ves ne d\u00e9passe pas 20 pour chaque classe.<\/p>\n<p>L\u2019enseignement pr\u00e9sentiel sera aussi adopt\u00e9 dans les \u00e9tablissements scolaires o\u00f9 tous les \u00e9l\u00e8ves sont vaccin\u00e9s, alors que le mode d\u2019enseignement par alternance, entre pr\u00e9sentiel et auto-apprentissage, sera d\u00e9ploy\u00e9 dans le reste des \u00e9tablissements.<\/p>\n<p>Le communiqu\u00e9 note que le mode d\u2019enseignement \u00e0 distance sera adopt\u00e9 en r\u00e9ponse aux souhaits des familles ou en cas d\u2019apparition d\u2019un foyer \u00e9pid\u00e9miologique dans un \u00e9tablissement scolaire.<\/p>\n<p>Ainsi, ces modes d\u2019enseignement seront appliqu\u00e9s en fonction de la situation de chaque \u00e9tablissement \u00e0 part, tout en conf\u00e9rant la latitude aux autorit\u00e9s territoriales, \u00e9ducatives, sanitaires et locales d\u2019opter pour l\u2019une des solutions, poursuit-on.<\/p>\n<p>\u00ab\u00a0Dans tous les cas, il sera proc\u00e9d\u00e9 \u00e0 la poursuite de l\u2019application stricte des mesures pr\u00e9ventives individuelles et collectives arr\u00eat\u00e9es dans le protocole sanitaire en vigueur dans l\u2019ensemble des \u00e9tablissements d\u2019\u00e9ducation et de formation et qui sera actualis\u00e9 en cas de n\u00e9cessit\u00e9, \u00e0 la lumi\u00e8re des recommandations des autorit\u00e9s sanitaires\u00a0\u00bb, indique le minist\u00e8re.<\/p>\n<p>Pour ce qui est du calendrier de rentr\u00e9e \u202a2021-2022\u202c, la m\u00eame source rappelle qu\u2019en date du 1er septembre prochain, il est pr\u00e9vu la reprise des cadres et fonctionnaires de l\u2019administration \u00e9ducative, du corps des inspecteurs, des cadres charg\u00e9s de la gestion des services mat\u00e9riels et financiers, du corps de l\u2019orientation et de la planification \u00e9ducatives, du corps de la gestion \u00e9ducative et administrative, des cadres administratifs communs.<\/p>\n<p>La reprise du corps enseignant est programm\u00e9 pour le 2 septembre, tandis que le d\u00e9marrage effectif des cours est pr\u00e9vu le 10 du m\u00eame mois, conclut le communiqu\u00e9.<\/p>\n<\/div>\n<p>Auteur: ALM<br \/>\n<a href=\"https:\/\/aujourdhui.ma\/societe\/rentree-scolaire-les-modes-denseignement-tributaires-du-progres-en-termes-dimmunite-collective\">Cliquez ici pour lire l&rsquo;article depuis sa source.<\/a><\/p>\n","protected":false},"excerpt":{"rendered":"<p>La rentr\u00e9e scolaire \u202a2021-2022\u202c se d\u00e9roulera selon des modes p\u00e9dagogiques prenant en consid\u00e9ration, outre les mesures annonc\u00e9es pr\u00e9c\u00e9demment, le progr\u00e8s enregistr\u00e9 sur la voie de l\u2019immunit\u00e9 collective face \u00e0 la Covid-19, a annonc\u00e9 samedi le minist\u00e8re de l\u2019\u00c9ducation nationale, de la formation professionnelle, de l\u2019enseignement sup\u00e9rieur et de la recherche scientifique. Dans un communiqu\u00e9 publi\u00e9 [&hellip;]<\/p>\n","protected":false},"author":1759,"featured_media":0,"comment_status":"closed","ping_status":"closed","sticky":false,"template":"","format":"standard","meta":{"fifu_image_url":"https:\/\/aujourdhui.ma\/wp-content\/uploads\/2016\/02\/Rentree-scolaire-2013-09-04-300x167.jpg","fifu_image_alt":"Rentr\u00e9e scolaire : Les modes d\u2019enseignement tributaires du progr\u00e8s en termes d\u2019immunit\u00e9 collective","footnotes":""},"categories":[73,54],"tags":[],"class_list":["post-125370","post","type-post","status-publish","format-standard","hentry","category-actualite","category-maroc"],"_links":{"self":[{"href":"https:\/\/linitiative.ca\/International\/wp-json\/wp\/v2\/posts\/125370","targetHints":{"allow":["GET"]}}],"collection":[{"href":"https:\/\/linitiative.ca\/International\/wp-json\/wp\/v2\/posts"}],"about":[{"href":"https:\/\/linitiative.ca\/International\/wp-json\/wp\/v2\/types\/post"}],"author":[{"embeddable":true,"href":"https:\/\/linitiative.ca\/International\/wp-json\/wp\/v2\/users\/1759"}],"replies":[{"embeddable":true,"href":"https:\/\/linitiative.ca\/International\/wp-json\/wp\/v2\/comments?post=125370"}],"version-history":[{"count":0,"href":"https:\/\/linitiative.ca\/International\/wp-json\/wp\/v2\/posts\/125370\/revisions"}],"wp:attachment":[{"href":"https:\/\/linitiative.ca\/International\/wp-json\/wp\/v2\/media?parent=125370"}],"wp:term":[{"taxonomy":"category","embeddable":true,"href":"https:\/\/linitiative.ca\/International\/wp-json\/wp\/v2\/categories?post=125370"},{"taxonomy":"post_tag","embeddable":true,"href":"https:\/\/linitiative.ca\/International\/wp-json\/wp\/v2\/tags?post=125370"}],"curies":[{"name":"wp","href":"https:\/\/api.w.org\/{rel}","templated":true}]}}