{"id":125374,"date":"2021-08-28T08:00:00","date_gmt":"2021-08-28T12:00:00","guid":{"rendered":"https:\/\/linitiative.ca\/International\/la-militante-kamira-nait-sid-sera-presentee-demain-devant-le-procureur\/"},"modified":"2021-08-28T08:00:00","modified_gmt":"2021-08-28T12:00:00","slug":"la-militante-kamira-nait-sid-sera-presentee-demain-devant-le-procureur","status":"publish","type":"post","link":"https:\/\/linitiative.ca\/International\/la-militante-kamira-nait-sid-sera-presentee-demain-devant-le-procureur\/","title":{"rendered":"La militante  Kamira Na\u00eft Sid sera pr\u00e9sent\u00e9e demain devant le procureur"},"content":{"rendered":"<div>La militante  Kamira Na\u00eft Sid sera pr\u00e9sent\u00e9e demain, 29 ao\u00fbt, devant le procureur de la R\u00e9publique pr\u00e8s le tribunal de Sidi M\u2019hamed.<\/div>\n<p>Auteur:<br \/>\n<a href=\"https:\/\/www.liberte-algerie.com\/actualite\/la-militante-kamira-nait-sid-sera-presentee-demain-devant-le-procureur-364040\">Cliquez ici pour lire l&rsquo;article depuis sa source.<\/a><\/p>\n","protected":false},"excerpt":{"rendered":"<p>La militante Kamira Na\u00eft Sid sera pr\u00e9sent\u00e9e demain, 29 ao\u00fbt, devant le procureur de la R\u00e9publique pr\u00e8s le tribunal de Sidi M\u2019hamed. Auteur: Cliquez ici pour lire l&rsquo;article depuis sa source.<\/p>\n","protected":false},"author":1742,"featured_media":0,"comment_status":"closed","ping_status":"closed","sticky":false,"template":"","format":"standard","meta":{"fifu_image_url":"","fifu_image_alt":"","footnotes":""},"categories":[73,53],"tags":[],"class_list":["post-125374","post","type-post","status-publish","format-standard","hentry","category-actualite","category-algerie"],"_links":{"self":[{"href":"https:\/\/linitiative.ca\/International\/wp-json\/wp\/v2\/posts\/125374","targetHints":{"allow":["GET"]}}],"collection":[{"href":"https:\/\/linitiative.ca\/International\/wp-json\/wp\/v2\/posts"}],"about":[{"href":"https:\/\/linitiative.ca\/International\/wp-json\/wp\/v2\/types\/post"}],"author":[{"embeddable":true,"href":"https:\/\/linitiative.ca\/International\/wp-json\/wp\/v2\/users\/1742"}],"replies":[{"embeddable":true,"href":"https:\/\/linitiative.ca\/International\/wp-json\/wp\/v2\/comments?post=125374"}],"version-history":[{"count":0,"href":"https:\/\/linitiative.ca\/International\/wp-json\/wp\/v2\/posts\/125374\/revisions"}],"wp:attachment":[{"href":"https:\/\/linitiative.ca\/International\/wp-json\/wp\/v2\/media?parent=125374"}],"wp:term":[{"taxonomy":"category","embeddable":true,"href":"https:\/\/linitiative.ca\/International\/wp-json\/wp\/v2\/categories?post=125374"},{"taxonomy":"post_tag","embeddable":true,"href":"https:\/\/linitiative.ca\/International\/wp-json\/wp\/v2\/tags?post=125374"}],"curies":[{"name":"wp","href":"https:\/\/api.w.org\/{rel}","templated":true}]}}