{"id":125375,"date":"2021-08-28T08:20:00","date_gmt":"2021-08-28T12:20:00","guid":{"rendered":"https:\/\/linitiative.ca\/International\/louisa-hanoune-regrette-la-rupture-des-relations-avec-le-maroc\/"},"modified":"2021-08-28T08:20:00","modified_gmt":"2021-08-28T12:20:00","slug":"louisa-hanoune-regrette-la-rupture-des-relations-avec-le-maroc","status":"publish","type":"post","link":"https:\/\/linitiative.ca\/International\/louisa-hanoune-regrette-la-rupture-des-relations-avec-le-maroc\/","title":{"rendered":"Louisa Hanoune \u00ab regrette \u00bb la rupture des relations avec le Maroc"},"content":{"rendered":"<div>La secr\u00e9taire g\u00e9n\u00e9rale du Parti des travailleurs (PT), Louisa Hanoune, a regrett\u00e9, aujourd\u2019hui \u00e0 Alger, la d\u00e9cision de l&rsquo;Alg\u00e9rie de rompre les relations diplomatiques avec le Maroc, bien qu\u2019elle consid\u00e8re que les raisons ayant &#8230;<\/div>\n<p>Auteur:<br \/>\n<a href=\"https:\/\/www.liberte-algerie.com\/actualite\/louisa-hanoune-regrette-la-rupture-des-relations-avec-le-maroc-364039\">Cliquez ici pour lire l&rsquo;article depuis sa source.<\/a><\/p>\n","protected":false},"excerpt":{"rendered":"<p>La secr\u00e9taire g\u00e9n\u00e9rale du Parti des travailleurs (PT), Louisa Hanoune, a regrett\u00e9, aujourd\u2019hui \u00e0 Alger, la d\u00e9cision de l&rsquo;Alg\u00e9rie de rompre les relations diplomatiques avec le Maroc, bien qu\u2019elle consid\u00e8re que les raisons ayant &#8230; Auteur: Cliquez ici pour lire l&rsquo;article depuis sa source.<\/p>\n","protected":false},"author":1742,"featured_media":0,"comment_status":"closed","ping_status":"closed","sticky":false,"template":"","format":"standard","meta":{"fifu_image_url":"","fifu_image_alt":"","footnotes":""},"categories":[73,53],"tags":[],"class_list":["post-125375","post","type-post","status-publish","format-standard","hentry","category-actualite","category-algerie"],"_links":{"self":[{"href":"https:\/\/linitiative.ca\/International\/wp-json\/wp\/v2\/posts\/125375","targetHints":{"allow":["GET"]}}],"collection":[{"href":"https:\/\/linitiative.ca\/International\/wp-json\/wp\/v2\/posts"}],"about":[{"href":"https:\/\/linitiative.ca\/International\/wp-json\/wp\/v2\/types\/post"}],"author":[{"embeddable":true,"href":"https:\/\/linitiative.ca\/International\/wp-json\/wp\/v2\/users\/1742"}],"replies":[{"embeddable":true,"href":"https:\/\/linitiative.ca\/International\/wp-json\/wp\/v2\/comments?post=125375"}],"version-history":[{"count":0,"href":"https:\/\/linitiative.ca\/International\/wp-json\/wp\/v2\/posts\/125375\/revisions"}],"wp:attachment":[{"href":"https:\/\/linitiative.ca\/International\/wp-json\/wp\/v2\/media?parent=125375"}],"wp:term":[{"taxonomy":"category","embeddable":true,"href":"https:\/\/linitiative.ca\/International\/wp-json\/wp\/v2\/categories?post=125375"},{"taxonomy":"post_tag","embeddable":true,"href":"https:\/\/linitiative.ca\/International\/wp-json\/wp\/v2\/tags?post=125375"}],"curies":[{"name":"wp","href":"https:\/\/api.w.org\/{rel}","templated":true}]}}