{"id":125377,"date":"2021-08-28T03:32:22","date_gmt":"2021-08-28T07:32:22","guid":{"rendered":"https:\/\/linitiative.ca\/International\/previsions-meteorologiques-pour-le-samedi-28-aout\/"},"modified":"2021-08-28T03:32:22","modified_gmt":"2021-08-28T07:32:22","slug":"previsions-meteorologiques-pour-le-samedi-28-aout","status":"publish","type":"post","link":"https:\/\/linitiative.ca\/International\/previsions-meteorologiques-pour-le-samedi-28-aout\/","title":{"rendered":"Pr\u00e9visions m\u00e9t\u00e9orologiques pour le samedi 28 ao\u00fbt"},"content":{"rendered":"<div>\n<div style=\"margin-bottom:20px;\"><img loading=\"lazy\" decoding=\"async\" width=\"750\" height=\"430\" src=\"https:\/\/linitiative.ca\/International\/wp-content\/uploads\/sites\/23\/2021\/08\/soleil-2-4.jpg\" class=\"attachment-post-thumbnail size-post-thumbnail wp-post-image\" alt=\"\" srcset=\"https:\/\/linitiative.ca\/International\/wp-content\/uploads\/sites\/23\/2021\/08\/soleil-2-4.jpg 750w, http:\/\/www.mapmarrakech.ma\/map\/uploads\/2021\/08\/soleil-2-4-300x172.jpg 300w\" sizes=\"auto, (max-width: 750px) 100vw, 750px\"><\/div>\n<p>\u2013 Nuages bas avec brume ou brouillard pr\u00e8s des c\u00f4tes et sur les plaines Nord et Centre la matin\u00e9e et\u00a0la nuit.<\/p>\n<p>\u2013 Foyers orageux sur le Haut et le Moyen Atlas, les versants Sud-Est, le Rif et l\u2019Oriental avec ond\u00e9es\u00a0ou averses par endroits.<\/p>\n<p>\u2013 Ciel passag\u00e8rement nuageux sur l\u2019extr\u00eame Sud du pays et clair \u00e0 peu nuageux ailleurs.<\/p>\n<p>\u2013 Chasse-sables sur les provinces Sahariennes.<\/p>\n<p>\u2013 Vent mod\u00e9r\u00e9 \u00e0 assez fort de secteur nord sur le Sud et les c\u00f4tes Centre et faible \u00e0 mod\u00e9r\u00e9 de\u00a0secteur sud sur le Sud de l\u2019Oriental et le Sud-Est et de nord \u00e0 variable ailleurs.<\/p>\n<p>\u2013 Temp\u00e9ratures minimales de l\u2019ordre de 26\/32\u00b0 sur le Sud-Est et l\u2019Est et le Sud des provinces\u00a0Sahariennes, 14\/21\u00b0C sur l\u2019Atlas et de 18\/26\u00b0C partout ailleurs.<\/p>\n<p>\u2013 Temp\u00e9ratures maximales de l\u2019ordre de 38\/44\u00b0C sur le Sud-Est et les parties Est et Sud des\u00a0provinces Sahariennes, 24\/30\u00b0C sur l\u2019Atlas, le Rif, le Tang\u00e9rois et pr\u00e8s des c\u00f4tes et de 31\/38\u00b0C\u00a0partout ailleurs.<\/p>\n<p>\u2013 Mer belle \u00e0 peu agit\u00e9e sur la M\u00e9diterran\u00e9e, peu agit\u00e9e sur le D\u00e9troit et entre Cap Spartel et Safi et peu agit\u00e9e \u00e0 agit\u00e9e ailleurs.<\/p>\n<p>The post <a rel=\"nofollow\" href=\"http:\/\/www.mapmarrakech.ma\/fr\/previsions-meteorologiques-pour-le-samedi-28-aout\/\">Pr\u00e9visions m\u00e9t\u00e9orologiques pour le samedi 28 ao\u00fbt<\/a> appeared first on <a rel=\"nofollow\" href=\"http:\/\/www.mapmarrakech.ma\/fr\">MapMarrakech<\/a>.<\/p>\n<\/div>\n<p>Auteur: Mohammed KOURSI<br \/>\n<a href=\"http:\/\/www.mapmarrakech.ma\/fr\/previsions-meteorologiques-pour-le-samedi-28-aout\/\">Cliquez ici pour lire l&rsquo;article depuis sa source.<\/a><\/p>\n","protected":false},"excerpt":{"rendered":"<p>\u2013 Nuages bas avec brume ou brouillard pr\u00e8s des c\u00f4tes et sur les plaines Nord et Centre la matin\u00e9e et\u00a0la nuit. \u2013 Foyers orageux sur le Haut et le Moyen Atlas, les versants Sud-Est, le Rif et l\u2019Oriental avec ond\u00e9es\u00a0ou averses par endroits. \u2013 Ciel passag\u00e8rement nuageux sur l\u2019extr\u00eame Sud du pays et clair \u00e0 [&hellip;]<\/p>\n","protected":false},"author":1788,"featured_media":0,"comment_status":"closed","ping_status":"closed","sticky":false,"template":"","format":"standard","meta":{"fifu_image_url":"http:\/\/www.mapmarrakech.ma\/map\/uploads\/2021\/08\/soleil-2-4.jpg","fifu_image_alt":"Pr\u00e9visions m\u00e9t\u00e9orologiques pour le samedi 28 ao\u00fbt","footnotes":""},"categories":[54,76],"tags":[],"class_list":["post-125377","post","type-post","status-publish","format-standard","hentry","category-maroc","category-regions"],"_links":{"self":[{"href":"https:\/\/linitiative.ca\/International\/wp-json\/wp\/v2\/posts\/125377","targetHints":{"allow":["GET"]}}],"collection":[{"href":"https:\/\/linitiative.ca\/International\/wp-json\/wp\/v2\/posts"}],"about":[{"href":"https:\/\/linitiative.ca\/International\/wp-json\/wp\/v2\/types\/post"}],"author":[{"embeddable":true,"href":"https:\/\/linitiative.ca\/International\/wp-json\/wp\/v2\/users\/1788"}],"replies":[{"embeddable":true,"href":"https:\/\/linitiative.ca\/International\/wp-json\/wp\/v2\/comments?post=125377"}],"version-history":[{"count":0,"href":"https:\/\/linitiative.ca\/International\/wp-json\/wp\/v2\/posts\/125377\/revisions"}],"wp:attachment":[{"href":"https:\/\/linitiative.ca\/International\/wp-json\/wp\/v2\/media?parent=125377"}],"wp:term":[{"taxonomy":"category","embeddable":true,"href":"https:\/\/linitiative.ca\/International\/wp-json\/wp\/v2\/categories?post=125377"},{"taxonomy":"post_tag","embeddable":true,"href":"https:\/\/linitiative.ca\/International\/wp-json\/wp\/v2\/tags?post=125377"}],"curies":[{"name":"wp","href":"https:\/\/api.w.org\/{rel}","templated":true}]}}