{"id":125379,"date":"2021-08-28T03:36:07","date_gmt":"2021-08-28T07:36:07","guid":{"rendered":"https:\/\/linitiative.ca\/International\/baisse-de-10-de-la-consommation-annuelle-delectricite-au-port\/"},"modified":"2021-08-28T03:36:07","modified_gmt":"2021-08-28T07:36:07","slug":"baisse-de-10-de-la-consommation-annuelle-delectricite-au-port","status":"publish","type":"post","link":"https:\/\/linitiative.ca\/International\/baisse-de-10-de-la-consommation-annuelle-delectricite-au-port\/","title":{"rendered":"Baisse de 10% de la consommation annuelle d\u2019\u00e9lectricit\u00e9 au port"},"content":{"rendered":"<div>\n<div style=\"margin-bottom:20px;\"><img loading=\"lazy\" decoding=\"async\" width=\"508\" height=\"300\" src=\"https:\/\/linitiative.ca\/International\/wp-content\/uploads\/sites\/23\/2021\/08\/pC3AAche-1.jpg\" class=\"attachment-post-thumbnail size-post-thumbnail wp-post-image\" alt=\"\" srcset=\"https:\/\/linitiative.ca\/International\/wp-content\/uploads\/sites\/23\/2021\/08\/pC3AAche-1.jpg 508w, http:\/\/www.mapmarrakech.ma\/map\/uploads\/2021\/08\/p\u00eache-1-300x177.jpg 300w, http:\/\/www.mapmarrakech.ma\/map\/uploads\/2021\/08\/p\u00eache-1-357x210.jpg 357w\" sizes=\"auto, (max-width: 508px) 100vw, 508px\"><\/div>\n<p>Cette consommation annuelle d\u2019\u00e9lectricit\u00e9 au port de\u00a0Safi\u00a0a atteint un volume moyen de 1053 KWh en 2020 contre 1169 KWh en 2019, pr\u00e9cise ce rapport qui vient d\u2019\u00eatre publi\u00e9 par l\u2019Agence Nationale des Ports (ANP).<\/p>\n<p>De m\u00eame, le document rel\u00e8ve qu\u2019au terme de l\u2019ann\u00e9e 2020, la consommation annuelle d\u2019eau au port de\u00a0Safi\u00a0a recul\u00e9 de 9% par rapport \u00e0 l\u2019ann\u00e9e pr\u00e9c\u00e9dente avec une quantit\u00e9 moyenne de 108.540 m3 en 2020 contre environ 109.000 m3 en 2019.<\/p>\n<p>Au niveau national, le port de Casablanca a affich\u00e9 une quasi-stabilit\u00e9 en termes de consommation annuelle d\u2019\u00e9lectricit\u00e9 avec un volume moyen de 35.900 KWh en 2020, contre 35.620 KWh en 2019 et 35.614 KWh en 2018, alors que la consommation annuelle d\u2019eau dans cette infrastructure portuaire a enregistr\u00e9 une hausse de 7% en glissement annuel avec une quantit\u00e9 moyenne de 220.158 m3.<\/p>\n<p>Le rapport 2020 de l\u2019OCPM est l\u2019aboutissement d\u2019un travail de construction inclusive associant l\u2019ensemble des acteurs de l\u2019\u00e9cosyst\u00e8me portuaire pour la mise en place d\u2019une nouvelle approche permettant d\u2019appr\u00e9hender l\u2019efficacit\u00e9 et l\u2019efficience des ports sur la base d\u2019un r\u00e9f\u00e9rentiel commun et partag\u00e9, rappelle-t-on.<\/p>\n<p>Cette premi\u00e8re \u00e9dition du rapport annuel de l\u2019Observatoire dresse une analyse des diff\u00e9rents indicateurs du tableau de bord de la performance portuaire au titre de l\u2019ann\u00e9e 2020.<\/p>\n<p>Il s\u2019agit de l\u2019analyse du trafic et des \u00e9changes maritimes, l\u2019\u00e9tude de la connectivit\u00e9 des ports, la mesure de la performance du transit des navires, l\u2019\u00e9valuation de l\u2019efficience de l\u2019outil portuaire et enfin l\u2019\u00e9valuation de la pr\u00e9servation de l\u2019environnement.<\/p>\n<p>Mis en place par l\u2019ANP, l\u2019OCPM se positionne comme facilitateur et un catalyseur de la comp\u00e9titivit\u00e9 des ports marocains et une source d\u2019am\u00e9lioration durable de la performance des ports marocains.<\/p>\n<p>La mission de l\u2019Observatoire est la collecte, la mise en forme, l\u2019analyse, l\u2019interpr\u00e9tation et la diffusion des donn\u00e9es et des informations relatives aux ports et \u00e0 leur environnement pour aider \u00e0 la prise de d\u00e9cision en mati\u00e8re de comp\u00e9titivit\u00e9 des ports marocains.<\/p>\n<p>The post <a rel=\"nofollow\" href=\"http:\/\/www.mapmarrakech.ma\/fr\/baisse-de-10-de-la-consommation-annuelle-delectricite-au-port\/\">Baisse de 10% de la consommation annuelle d\u2019\u00e9lectricit\u00e9 au port<\/a> appeared first on <a rel=\"nofollow\" href=\"http:\/\/www.mapmarrakech.ma\/fr\">MapMarrakech<\/a>.<\/p>\n<\/div>\n<p>Auteur: Mohammed KOURSI<br \/>\n<a href=\"http:\/\/www.mapmarrakech.ma\/fr\/baisse-de-10-de-la-consommation-annuelle-delectricite-au-port\/\">Cliquez ici pour lire l&rsquo;article depuis sa source.<\/a><\/p>\n","protected":false},"excerpt":{"rendered":"<p>Cette consommation annuelle d\u2019\u00e9lectricit\u00e9 au port de\u00a0Safi\u00a0a atteint un volume moyen de 1053 KWh en 2020 contre 1169 KWh en 2019, pr\u00e9cise ce rapport qui vient d\u2019\u00eatre publi\u00e9 par l\u2019Agence Nationale des Ports (ANP). De m\u00eame, le document rel\u00e8ve qu\u2019au terme de l\u2019ann\u00e9e 2020, la consommation annuelle d\u2019eau au port de\u00a0Safi\u00a0a recul\u00e9 de 9% par [&hellip;]<\/p>\n","protected":false},"author":1788,"featured_media":0,"comment_status":"closed","ping_status":"closed","sticky":false,"template":"","format":"standard","meta":{"fifu_image_url":"http:\/\/www.mapmarrakech.ma\/map\/uploads\/2021\/08\/p\u00eache-1.jpg","fifu_image_alt":"Baisse de 10% de la consommation annuelle d\u2019\u00e9lectricit\u00e9 au port","footnotes":""},"categories":[54,76],"tags":[],"class_list":["post-125379","post","type-post","status-publish","format-standard","hentry","category-maroc","category-regions"],"_links":{"self":[{"href":"https:\/\/linitiative.ca\/International\/wp-json\/wp\/v2\/posts\/125379","targetHints":{"allow":["GET"]}}],"collection":[{"href":"https:\/\/linitiative.ca\/International\/wp-json\/wp\/v2\/posts"}],"about":[{"href":"https:\/\/linitiative.ca\/International\/wp-json\/wp\/v2\/types\/post"}],"author":[{"embeddable":true,"href":"https:\/\/linitiative.ca\/International\/wp-json\/wp\/v2\/users\/1788"}],"replies":[{"embeddable":true,"href":"https:\/\/linitiative.ca\/International\/wp-json\/wp\/v2\/comments?post=125379"}],"version-history":[{"count":0,"href":"https:\/\/linitiative.ca\/International\/wp-json\/wp\/v2\/posts\/125379\/revisions"}],"wp:attachment":[{"href":"https:\/\/linitiative.ca\/International\/wp-json\/wp\/v2\/media?parent=125379"}],"wp:term":[{"taxonomy":"category","embeddable":true,"href":"https:\/\/linitiative.ca\/International\/wp-json\/wp\/v2\/categories?post=125379"},{"taxonomy":"post_tag","embeddable":true,"href":"https:\/\/linitiative.ca\/International\/wp-json\/wp\/v2\/tags?post=125379"}],"curies":[{"name":"wp","href":"https:\/\/api.w.org\/{rel}","templated":true}]}}