{"id":125381,"date":"2021-08-28T11:55:41","date_gmt":"2021-08-28T15:55:41","guid":{"rendered":"https:\/\/linitiative.ca\/International\/demarrage-timide-de-la-campagne-electorale\/"},"modified":"2021-08-28T11:55:41","modified_gmt":"2021-08-28T15:55:41","slug":"demarrage-timide-de-la-campagne-electorale","status":"publish","type":"post","link":"https:\/\/linitiative.ca\/International\/demarrage-timide-de-la-campagne-electorale\/","title":{"rendered":"D\u00e9marrage timide de la campagne \u00e9lectorale"},"content":{"rendered":"<div>\n<div style=\"margin-bottom:20px;\"><img loading=\"lazy\" decoding=\"async\" width=\"750\" height=\"430\" src=\"https:\/\/linitiative.ca\/International\/wp-content\/uploads\/sites\/23\/2021\/08\/Elections-1-2.jpg\" class=\"attachment-post-thumbnail size-post-thumbnail wp-post-image\" alt=\"\" srcset=\"https:\/\/linitiative.ca\/International\/wp-content\/uploads\/sites\/23\/2021\/08\/Elections-1-2.jpg 750w, http:\/\/www.mapmarrakech.ma\/map\/uploads\/2021\/08\/Elections-1-300x172.jpg 300w\" sizes=\"auto, (max-width: 750px) 100vw, 750px\"><\/div>\n<p>En effet, force est de constater, apr\u00e8s une tourn\u00e9e dans les principales art\u00e8res de la ville et les espaces les plus pris\u00e9s durant les deux premi\u00e8res journ\u00e9es de cette campagne \u00e9lectorale, que les candidats repr\u00e9sentant les diff\u00e9rentes formations politiques en lice \u00e0\u00a0Essaouira\u00a0et leurs sympathisants semblent mettre du temps pour s\u2019adapter \u00e0 ce contexte in\u00e9dit dans lequel intervient cette \u00e9ch\u00e9ance \u00e9lectorale et ajuster leurs dispositifs pour aborder cette campagne qui se d\u00e9roule jusqu\u2019\u00e0 pr\u00e9sent dans la s\u00e9r\u00e9nit\u00e9 totale.<\/p>\n<p>A l\u2019exception de certains contacts directs avec les \u00e9lecteurs \u00e0 travers des tourn\u00e9es limit\u00e9es dans le temps et l\u2019espace, dans le strict respect des mesures pr\u00e9conis\u00e9es pour le d\u00e9roulement de la campagne, les candidats en lice semblent, ainsi, attendre la derni\u00e8re ligne droite, tout en oeuvrant \u00e0 rompre avec les m\u00e9thodes classiques et \u00e0 s\u2019ouvrir notamment sur les r\u00e9seaux sociaux pour toucher le plus grand nombre de votants, notamment parmi les jeunes \u00e9lecteurs.<\/p>\n<p>La campagne \u00e9lectorale pour le scrutin du 8 septembre a d\u00e9marr\u00e9, jeudi (00H00), marquant ainsi le d\u00e9but d\u2019une \u00e9tape importante sur la voie de la consolidation de la pratique d\u00e9mocratique au Maroc.<\/p>\n<p>La campagne, qui prendra fin mardi 07 septembre \u00e0 minuit, constitue une occasion pour les partis politiques en lice de pr\u00e9senter et de d\u00e9fendre devant les \u00e9lecteurs leurs programmes et projets \u00e9conomiques, sociaux et culturels en vue de les convaincre d\u2019adh\u00e9rer aux approches qu\u2019ils pr\u00e9conisent pour relever les d\u00e9fis auxquels le pays est confront\u00e9.<\/p>\n<p>Les prochaines \u00e9lections \u00e9tant une \u00e9tape importante dans le processus d\u00e9mocratique du Royaume, il est crucial de gagner le pari, notamment \u00e0 travers une bonne gestion et une organisation efficace, pour assurer le d\u00e9roulement du scrutin dans les meilleures conditions, tout en veillant \u00e0 mettre en \u0153uvre les dispositions contenues dans les diff\u00e9rents textes juridiques r\u00e9gissant les op\u00e9rations \u00e9lectorales en vue de garantir leur cr\u00e9dibilit\u00e9 et leur int\u00e9grit\u00e9.<\/p>\n<p>The post <a rel=\"nofollow\" href=\"http:\/\/www.mapmarrakech.ma\/fr\/demarrage-timide-de-la-campagne-electorale\/\">D\u00e9marrage timide de la campagne \u00e9lectorale<\/a> appeared first on <a rel=\"nofollow\" href=\"http:\/\/www.mapmarrakech.ma\/fr\">MapMarrakech<\/a>.<\/p>\n<\/div>\n<p>Auteur: Mohammed KOURSI<br \/>\n<a href=\"http:\/\/www.mapmarrakech.ma\/fr\/demarrage-timide-de-la-campagne-electorale\/\">Cliquez ici pour lire l&rsquo;article depuis sa source.<\/a><\/p>\n","protected":false},"excerpt":{"rendered":"<p>En effet, force est de constater, apr\u00e8s une tourn\u00e9e dans les principales art\u00e8res de la ville et les espaces les plus pris\u00e9s durant les deux premi\u00e8res journ\u00e9es de cette campagne \u00e9lectorale, que les candidats repr\u00e9sentant les diff\u00e9rentes formations politiques en lice \u00e0\u00a0Essaouira\u00a0et leurs sympathisants semblent mettre du temps pour s\u2019adapter \u00e0 ce contexte in\u00e9dit dans [&hellip;]<\/p>\n","protected":false},"author":1788,"featured_media":0,"comment_status":"closed","ping_status":"closed","sticky":false,"template":"","format":"standard","meta":{"fifu_image_url":"http:\/\/www.mapmarrakech.ma\/map\/uploads\/2021\/08\/Elections-1.jpg","fifu_image_alt":"D\u00e9marrage timide de la campagne \u00e9lectorale","footnotes":""},"categories":[54,76],"tags":[],"class_list":["post-125381","post","type-post","status-publish","format-standard","hentry","category-maroc","category-regions"],"_links":{"self":[{"href":"https:\/\/linitiative.ca\/International\/wp-json\/wp\/v2\/posts\/125381","targetHints":{"allow":["GET"]}}],"collection":[{"href":"https:\/\/linitiative.ca\/International\/wp-json\/wp\/v2\/posts"}],"about":[{"href":"https:\/\/linitiative.ca\/International\/wp-json\/wp\/v2\/types\/post"}],"author":[{"embeddable":true,"href":"https:\/\/linitiative.ca\/International\/wp-json\/wp\/v2\/users\/1788"}],"replies":[{"embeddable":true,"href":"https:\/\/linitiative.ca\/International\/wp-json\/wp\/v2\/comments?post=125381"}],"version-history":[{"count":0,"href":"https:\/\/linitiative.ca\/International\/wp-json\/wp\/v2\/posts\/125381\/revisions"}],"wp:attachment":[{"href":"https:\/\/linitiative.ca\/International\/wp-json\/wp\/v2\/media?parent=125381"}],"wp:term":[{"taxonomy":"category","embeddable":true,"href":"https:\/\/linitiative.ca\/International\/wp-json\/wp\/v2\/categories?post=125381"},{"taxonomy":"post_tag","embeddable":true,"href":"https:\/\/linitiative.ca\/International\/wp-json\/wp\/v2\/tags?post=125381"}],"curies":[{"name":"wp","href":"https:\/\/api.w.org\/{rel}","templated":true}]}}