{"id":125383,"date":"2021-08-28T12:06:35","date_gmt":"2021-08-28T16:06:35","guid":{"rendered":"https:\/\/linitiative.ca\/International\/covid-19-suivi-des-preparatifs-de-la-vaccination-au-profit-des-eleves\/"},"modified":"2021-08-28T12:06:35","modified_gmt":"2021-08-28T16:06:35","slug":"covid-19-suivi-des-preparatifs-de-la-vaccination-au-profit-des-eleves","status":"publish","type":"post","link":"https:\/\/linitiative.ca\/International\/covid-19-suivi-des-preparatifs-de-la-vaccination-au-profit-des-eleves\/","title":{"rendered":"Covid-19: Suivi des pr\u00e9paratifs de la vaccination au profit des \u00e9l\u00e8ves"},"content":{"rendered":"<div>\n<div style=\"margin-bottom:20px;\"><img loading=\"lazy\" decoding=\"async\" width=\"750\" height=\"430\" src=\"https:\/\/linitiative.ca\/International\/wp-content\/uploads\/sites\/23\/2021\/08\/vaccination-scolaire.jpg\" class=\"attachment-post-thumbnail size-post-thumbnail wp-post-image\" alt=\"\" srcset=\"https:\/\/linitiative.ca\/International\/wp-content\/uploads\/sites\/23\/2021\/08\/vaccination-scolaire.jpg 750w, http:\/\/www.mapmarrakech.ma\/map\/uploads\/2021\/08\/vaccination-scolaire-300x172.jpg 300w\" sizes=\"auto, (max-width: 750px) 100vw, 750px\"><\/div>\n<p>Ainsi, M. Kassi-Lahlou, accompagn\u00e9 du secr\u00e9taire g\u00e9n\u00e9ral de la Wilaya, du directeur de l\u2019Acad\u00e9mie R\u00e9gionale d\u2019Education et de Formation (AREF) de\u00a0Marrakech-Safi, M. Ahmed Karimi, du directeur provincial de l\u2019\u00e9ducation nationale \u00e0\u00a0Marrakech, et du d\u00e9l\u00e9gu\u00e9 provincial de la sant\u00e9 \u00e0\u00a0Marrakech,\u00a0a effectu\u00e9 une visite au centre de vaccination am\u00e9nag\u00e9 au sein du lyc\u00e9e qualifiant Hassan II \u00e0\u00a0Marrakech, d\u00e9di\u00e9 \u00e0 l\u2019op\u00e9ration de vaccination des enfants scolaris\u00e9s \u00e2g\u00e9s entre 12 et 17 ans.<\/p>\n<p>A cette occasion, le wali et la d\u00e9l\u00e9gation l\u2019accompagnant, s\u2019est arr\u00eat\u00e9 sur les pr\u00e9paratifs organisationnels et \u00e9quipements et moyens logistiques mobilis\u00e9s \u00e0 cette fin, ainsi que sur les mesures prises pour garantir un accueil ad\u00e9quat des enfants scolaris\u00e9s, de leurs parents et leurs tuteurs, afin que cette op\u00e9ration puisse se d\u00e9rouler dans d\u2019excellentes conditions.<\/p>\n<p>Dans ce contexte, M. Kassi-Lahlou a pris connaissance du Plan r\u00e9gional de vaccination des enfants scolaris\u00e9s issus de l\u2019enseignement public et priv\u00e9 de la r\u00e9gion, ainsi que les pr\u00e9paratifs pour la r\u00e9ussite de cette importante op\u00e9ration nationale visant \u00e0 \u00a0garantir des conditions s\u00fbres pour la rentr\u00e9e scolaire 2021-2022.<\/p>\n<p>Par la m\u00eame occasion, le directeur de l\u2019AREF a pr\u00e9sent\u00e9 les grandes lignes de l\u2019op\u00e9ration de vaccination des \u00e9l\u00e8ves issus des diff\u00e9rentes directions provinciales de l\u2019Education Nationale au niveau de la r\u00e9gion\u00a0Marrakech-Safi, laquelle op\u00e9ration sera men\u00e9e en coordination avec les autorit\u00e9s locales et les services de sanit\u00e9 de la r\u00e9gion.<\/p>\n<p>Pour sa part, le d\u00e9l\u00e9gu\u00e9 provincial de la Sant\u00e9 \u00e0\u00a0Marrakech, M. Abdelhakim Moustaid, a pr\u00e9sent\u00e9 un expos\u00e9 sur les pr\u00e9paratifs des staffs m\u00e9dicaux et param\u00e9dicaux ainsi que les \u00e9quipements mobilis\u00e9s afin de garantir la r\u00e9ussite de cette op\u00e9ration.<\/p>\n<p>The post <a rel=\"nofollow\" href=\"http:\/\/www.mapmarrakech.ma\/fr\/covid-19-suivi-des-preparatifs-de-la-vaccination-au-profit-des-eleves\/\">Covid-19: Suivi des pr\u00e9paratifs de la vaccination au profit des \u00e9l\u00e8ves<\/a> appeared first on <a rel=\"nofollow\" href=\"http:\/\/www.mapmarrakech.ma\/fr\">MapMarrakech<\/a>.<\/p>\n<\/div>\n<p>Auteur: Mohammed KOURSI<br \/>\n<a href=\"http:\/\/www.mapmarrakech.ma\/fr\/covid-19-suivi-des-preparatifs-de-la-vaccination-au-profit-des-eleves\/\">Cliquez ici pour lire l&rsquo;article depuis sa source.<\/a><\/p>\n","protected":false},"excerpt":{"rendered":"<p>Ainsi, M. Kassi-Lahlou, accompagn\u00e9 du secr\u00e9taire g\u00e9n\u00e9ral de la Wilaya, du directeur de l\u2019Acad\u00e9mie R\u00e9gionale d\u2019Education et de Formation (AREF) de\u00a0Marrakech-Safi, M. Ahmed Karimi, du directeur provincial de l\u2019\u00e9ducation nationale \u00e0\u00a0Marrakech, et du d\u00e9l\u00e9gu\u00e9 provincial de la sant\u00e9 \u00e0\u00a0Marrakech,\u00a0a effectu\u00e9 une visite au centre de vaccination am\u00e9nag\u00e9 au sein du lyc\u00e9e qualifiant Hassan II \u00e0\u00a0Marrakech, [&hellip;]<\/p>\n","protected":false},"author":1788,"featured_media":0,"comment_status":"closed","ping_status":"closed","sticky":false,"template":"","format":"standard","meta":{"fifu_image_url":"http:\/\/www.mapmarrakech.ma\/map\/uploads\/2021\/08\/vaccination-scolaire.jpg","fifu_image_alt":"Covid-19: Suivi des pr\u00e9paratifs de la vaccination au profit des \u00e9l\u00e8ves","footnotes":""},"categories":[54,76],"tags":[],"class_list":["post-125383","post","type-post","status-publish","format-standard","hentry","category-maroc","category-regions"],"_links":{"self":[{"href":"https:\/\/linitiative.ca\/International\/wp-json\/wp\/v2\/posts\/125383","targetHints":{"allow":["GET"]}}],"collection":[{"href":"https:\/\/linitiative.ca\/International\/wp-json\/wp\/v2\/posts"}],"about":[{"href":"https:\/\/linitiative.ca\/International\/wp-json\/wp\/v2\/types\/post"}],"author":[{"embeddable":true,"href":"https:\/\/linitiative.ca\/International\/wp-json\/wp\/v2\/users\/1788"}],"replies":[{"embeddable":true,"href":"https:\/\/linitiative.ca\/International\/wp-json\/wp\/v2\/comments?post=125383"}],"version-history":[{"count":0,"href":"https:\/\/linitiative.ca\/International\/wp-json\/wp\/v2\/posts\/125383\/revisions"}],"wp:attachment":[{"href":"https:\/\/linitiative.ca\/International\/wp-json\/wp\/v2\/media?parent=125383"}],"wp:term":[{"taxonomy":"category","embeddable":true,"href":"https:\/\/linitiative.ca\/International\/wp-json\/wp\/v2\/categories?post=125383"},{"taxonomy":"post_tag","embeddable":true,"href":"https:\/\/linitiative.ca\/International\/wp-json\/wp\/v2\/tags?post=125383"}],"curies":[{"name":"wp","href":"https:\/\/api.w.org\/{rel}","templated":true}]}}