{"id":125391,"date":"2021-08-27T15:09:47","date_gmt":"2021-08-27T19:09:47","guid":{"rendered":"https:\/\/linitiative.ca\/International\/vaste-campagne-de-vaccination-des-eleves-ages-de-12-a-17-ans-a-partir-du-31-aout\/"},"modified":"2021-08-27T15:09:47","modified_gmt":"2021-08-27T19:09:47","slug":"vaste-campagne-de-vaccination-des-eleves-ages-de-12-a-17-ans-a-partir-du-31-aout","status":"publish","type":"post","link":"https:\/\/linitiative.ca\/International\/vaste-campagne-de-vaccination-des-eleves-ages-de-12-a-17-ans-a-partir-du-31-aout\/","title":{"rendered":"Vaste campagne de vaccination des \u00e9l\u00e8ves \u00e2g\u00e9s de 12 \u00e0 17 ans \u00e0 partir du 31 ao\u00fbt"},"content":{"rendered":"<div>\n<div style=\"margin-bottom:20px;\"><img loading=\"lazy\" decoding=\"async\" width=\"750\" height=\"430\" src=\"https:\/\/linitiative.ca\/International\/wp-content\/uploads\/sites\/23\/2021\/08\/CC3A9rC3A9monie-de-lancement-de-la-vaccination-des-professionnels-de-la-santC3A9-750C397430-MAP.jpg\" class=\"attachment-post-thumbnail size-post-thumbnail wp-post-image\" alt=\"\" srcset=\"https:\/\/linitiative.ca\/International\/wp-content\/uploads\/sites\/23\/2021\/08\/CC3A9rC3A9monie-de-lancement-de-la-vaccination-des-professionnels-de-la-santC3A9-750C397430-MAP.jpg 750w, http:\/\/www.mapoujda.ma\/map\/uploads\/2021\/08\/C\u00e9r\u00e9monie-de-lancement-de-la-vaccination-des-professionnels-de-la-sant\u00e9-750\u00d7430-MAP-300x172.jpg 300w\" sizes=\"auto, (max-width: 750px) 100vw, 750px\"><\/div>\n<p style=\"text-align: justify;\">La Commission interminist\u00e9rielle pr\u00e9sid\u00e9e par le Chef du gouvernement, r\u00e9unie vendredi, a d\u00e9cid\u00e9 l\u2019organisation \u00e0 partir du 31 ao\u00fbt courant d\u2019une vaste op\u00e9ration de vaccination anti-Covid 19 au profit des \u00e9l\u00e8ves de la tranche d\u2019\u00e2ge 12-17 ans.<\/p>\n<p style=\"text-align: justify;\">Cette op\u00e9ration va b\u00e9n\u00e9ficier aux \u00e9l\u00e8ves d\u2019enseignement public et priv\u00e9 et des \u00e9coles des missions \u00e9trang\u00e8res, afin de garantir des conditions s\u00fbres pour le d\u00e9marrage de l\u2019ann\u00e9e scolaire avec l\u2019impact qui en d\u00e9coule en termes de qualit\u00e9 d\u2019apprentissage, indique un communiqu\u00e9 conjoint du minist\u00e8re de l\u2019\u00c9ducation nationale, de la Formation professionnelle, de l\u2019Enseignement sup\u00e9rieur et de la Recherche scientifique et du minist\u00e8re de la Sant\u00e9.<\/p>\n<p style=\"text-align: justify;\">La commission a pris cette d\u00e9cision sur la base du rapport du Comit\u00e9 scientifique en charge de la Strat\u00e9gie nationale de vaccination qui avait recommand\u00e9, \u00e0 l\u2019issue d\u2019une r\u00e9union jeudi en pr\u00e9sence du Comit\u00e9 scientifique charg\u00e9 de la strat\u00e9gie nationale de lutte anti-Covid et des d\u00e9partements minist\u00e9riels concern\u00e9s, la n\u00e9cessit\u00e9 de vacciner les enfants \u00e2g\u00e9s de 12 \u00e0 17 ans en vue de prot\u00e9ger tous les citoyens au regard de la recrudescence des cas d\u2019infection parmi cette tranche d\u2019\u00e2ge.<\/p>\n<p style=\"text-align: justify;\">Le Comit\u00e9 consid\u00e8re la vaccination des 12-17 ans comme un pas important pour acc\u00e9l\u00e9rer la r\u00e9alisation de l\u2019immunit\u00e9 collective avec l\u2019adoption des vaccins \u00ab\u00a0Sinopharm\u00a0\u00bb et \u00ab\u00a0Pfizer\u00a0\u00bb dont l\u2019exp\u00e9rience \u00e0 l\u2019international a d\u00e9montr\u00e9 l\u2019efficacit\u00e9 chez cette tranche d\u2019\u00e2ge. Il affirme que cette op\u00e9ration de vaccination devra \u00eatre volontaire et soumise \u00e0 l\u2019accord des parents et tuteurs des enfants scolaris\u00e9s, ajoute le communiqu\u00e9.<\/p>\n<p style=\"text-align: justify;\">Les \u00e9tablissements scolaires qui accueilleront les centres de vaccination pour les 12-17 ans, seront annonc\u00e9s ult\u00e9rieurement sur le portail officiel du minist\u00e8re www.men.gov.ma, les sites \u00e9lectroniques des acad\u00e9mies r\u00e9gionales de l\u2019\u00e9ducation et de la formation ainsi que sur les pages officielles du minist\u00e8re sur les r\u00e9seaux sociaux. De m\u00eame, des unit\u00e9s mobiles de vaccination seront mobilis\u00e9es dans les zones rurales.<\/p>\n<p style=\"text-align: justify;\">Par ailleurs, la vaccination des plus de 18 ans s\u2019effectue dans les diff\u00e9rents centres de vaccination \u00e0 travers le Royaume, dans le cadre de la campagne nationale de vaccination, a relev\u00e9 la m\u00eame source, mettant en avant l\u2019engouement des \u00e9l\u00e8ves, \u00e9tudiants et stagiaires de la formation professionnelle pour la vaccination.<\/p>\n<p style=\"text-align: justify;\">Les deux minist\u00e8res appellent les parents et tuteurs, \u00e0 accompagner leurs enfants aupr\u00e8s des \u00e9tablissements scolaires les plus proches, pour qu\u2019ils puissent b\u00e9n\u00e9ficier de la premi\u00e8re dose du vaccin et partant, pr\u00e9server la s\u00e9curit\u00e9 sanitaire de leurs familles et garantir des meilleures conditions d\u2019apprentissage lors de la prochaine rentr\u00e9e scolaire.<\/p>\n<p style=\"text-align: justify;\">Ils n\u2019ont manqu\u00e9 de rappeler la n\u00e9cessit\u00e9 de respecter les mesures sanitaires mises en place par les autorit\u00e9s, afin d\u2019\u00e9viter toute d\u00e9t\u00e9rioration de la situation \u00e9pid\u00e9miologique.<\/p>\n<p>L\u2019article <a rel=\"nofollow\" href=\"http:\/\/www.mapoujda.ma\/fr\/vaste-campagne-de-vaccination-des-eleves-ages-de-12-a-17-ans-a-partir-du-31-aout\/\">Vaste campagne de vaccination des \u00e9l\u00e8ves \u00e2g\u00e9s de 12 \u00e0 17 ans \u00e0 partir du 31 ao\u00fbt<\/a> est apparu en premier sur <a rel=\"nofollow\" href=\"http:\/\/www.mapoujda.ma\/fr\">MapOujda<\/a>.<\/p>\n<\/div>\n<p>Auteur: Soufiane ELAHMAR<br \/>\n<a href=\"http:\/\/www.mapoujda.ma\/fr\/vaste-campagne-de-vaccination-des-eleves-ages-de-12-a-17-ans-a-partir-du-31-aout\/\">Cliquez ici pour lire l&rsquo;article depuis sa source.<\/a><\/p>\n","protected":false},"excerpt":{"rendered":"<p>La Commission interminist\u00e9rielle pr\u00e9sid\u00e9e par le Chef du gouvernement, r\u00e9unie vendredi, a d\u00e9cid\u00e9 l\u2019organisation \u00e0 partir du 31 ao\u00fbt courant d\u2019une vaste op\u00e9ration de vaccination anti-Covid 19 au profit des \u00e9l\u00e8ves de la tranche d\u2019\u00e2ge 12-17 ans. Cette op\u00e9ration va b\u00e9n\u00e9ficier aux \u00e9l\u00e8ves d\u2019enseignement public et priv\u00e9 et des \u00e9coles des missions \u00e9trang\u00e8res, afin de [&hellip;]<\/p>\n","protected":false},"author":1788,"featured_media":0,"comment_status":"closed","ping_status":"closed","sticky":false,"template":"","format":"standard","meta":{"fifu_image_url":"http:\/\/www.mapoujda.ma\/map\/uploads\/2021\/08\/C\u00e9r\u00e9monie-de-lancement-de-la-vaccination-des-professionnels-de-la-sant\u00e9-750\u00d7430-MAP.jpg","fifu_image_alt":"Vaste campagne de vaccination des \u00e9l\u00e8ves \u00e2g\u00e9s de 12 \u00e0 17 ans \u00e0 partir du 31 ao\u00fbt","footnotes":""},"categories":[54,76],"tags":[],"class_list":["post-125391","post","type-post","status-publish","format-standard","hentry","category-maroc","category-regions"],"_links":{"self":[{"href":"https:\/\/linitiative.ca\/International\/wp-json\/wp\/v2\/posts\/125391","targetHints":{"allow":["GET"]}}],"collection":[{"href":"https:\/\/linitiative.ca\/International\/wp-json\/wp\/v2\/posts"}],"about":[{"href":"https:\/\/linitiative.ca\/International\/wp-json\/wp\/v2\/types\/post"}],"author":[{"embeddable":true,"href":"https:\/\/linitiative.ca\/International\/wp-json\/wp\/v2\/users\/1788"}],"replies":[{"embeddable":true,"href":"https:\/\/linitiative.ca\/International\/wp-json\/wp\/v2\/comments?post=125391"}],"version-history":[{"count":0,"href":"https:\/\/linitiative.ca\/International\/wp-json\/wp\/v2\/posts\/125391\/revisions"}],"wp:attachment":[{"href":"https:\/\/linitiative.ca\/International\/wp-json\/wp\/v2\/media?parent=125391"}],"wp:term":[{"taxonomy":"category","embeddable":true,"href":"https:\/\/linitiative.ca\/International\/wp-json\/wp\/v2\/categories?post=125391"},{"taxonomy":"post_tag","embeddable":true,"href":"https:\/\/linitiative.ca\/International\/wp-json\/wp\/v2\/tags?post=125391"}],"curies":[{"name":"wp","href":"https:\/\/api.w.org\/{rel}","templated":true}]}}