{"id":125397,"date":"2021-08-28T05:44:44","date_gmt":"2021-08-28T09:44:44","guid":{"rendered":"https:\/\/linitiative.ca\/International\/label-vie-le-chiffre-daffaires-stable-au-s1\/"},"modified":"2021-08-28T05:44:44","modified_gmt":"2021-08-28T09:44:44","slug":"label-vie-le-chiffre-daffaires-stable-au-s1","status":"publish","type":"post","link":"https:\/\/linitiative.ca\/International\/label-vie-le-chiffre-daffaires-stable-au-s1\/","title":{"rendered":"Label&rsquo; Vie: Le chiffre d&rsquo;affaires stable au S1"},"content":{"rendered":"<div>\n<div class=\"field field-name-body field-type-text-with-summary field-label-hidden\">\n<div class=\"field-items\">\n<div class=\"field-item even\" property=\"content:encoded\">\n<p class=\"rtejustify\">Le chiffre d&rsquo;affaires du Groupe LabelVie est rest\u00e9 quasi-stable au premier semestre compar\u00e9 \u00e0 la m\u00eame p\u00e9riode de l&rsquo;ann\u00e9e derni\u00e8re. Il\u00a0a atteint plus de 5,32 milliards de DH \u00e0 fin juin dernier, contre 5,38 milliards de DH un an auparavant, d&rsquo;apr\u00e8s les r\u00e9sultats publi\u00e9s par le Groupe. Sur le\u00a0seul deuxi\u00e8me trimestre, le chiffre d&rsquo;affaires de LabelVie a connu une hausse de 10%, pour se situer \u00e0 2,73 milliards DH, dont 4% relatif au p\u00e9rim\u00e8tre comparable de magasins, indique le Groupe.<\/p>\n<\/div>\n<\/div>\n<\/div>\n<\/div>\n<p>Auteur: hgueye<br \/>\n<a href=\"https:\/\/www.leconomiste.com\/flash-infos\/label-vie-le-chiffre-d-affaires-stable-au-s1\">Cliquez ici pour lire l&rsquo;article depuis sa source.<\/a><\/p>\n","protected":false},"excerpt":{"rendered":"<p>Le chiffre d&rsquo;affaires du Groupe LabelVie est rest\u00e9 quasi-stable au premier semestre compar\u00e9 \u00e0 la m\u00eame p\u00e9riode de l&rsquo;ann\u00e9e derni\u00e8re. Il\u00a0a atteint plus de 5,32 milliards de DH \u00e0 fin juin dernier, contre 5,38 milliards de DH un an auparavant, d&rsquo;apr\u00e8s les r\u00e9sultats publi\u00e9s par le Groupe. Sur le\u00a0seul deuxi\u00e8me trimestre, le chiffre d&rsquo;affaires de [&hellip;]<\/p>\n","protected":false},"author":1763,"featured_media":0,"comment_status":"closed","ping_status":"closed","sticky":false,"template":"","format":"standard","meta":{"fifu_image_url":"","fifu_image_alt":"","footnotes":""},"categories":[78,54],"tags":[],"class_list":["post-125397","post","type-post","status-publish","format-standard","hentry","category-economie","category-maroc"],"_links":{"self":[{"href":"https:\/\/linitiative.ca\/International\/wp-json\/wp\/v2\/posts\/125397","targetHints":{"allow":["GET"]}}],"collection":[{"href":"https:\/\/linitiative.ca\/International\/wp-json\/wp\/v2\/posts"}],"about":[{"href":"https:\/\/linitiative.ca\/International\/wp-json\/wp\/v2\/types\/post"}],"author":[{"embeddable":true,"href":"https:\/\/linitiative.ca\/International\/wp-json\/wp\/v2\/users\/1763"}],"replies":[{"embeddable":true,"href":"https:\/\/linitiative.ca\/International\/wp-json\/wp\/v2\/comments?post=125397"}],"version-history":[{"count":0,"href":"https:\/\/linitiative.ca\/International\/wp-json\/wp\/v2\/posts\/125397\/revisions"}],"wp:attachment":[{"href":"https:\/\/linitiative.ca\/International\/wp-json\/wp\/v2\/media?parent=125397"}],"wp:term":[{"taxonomy":"category","embeddable":true,"href":"https:\/\/linitiative.ca\/International\/wp-json\/wp\/v2\/categories?post=125397"},{"taxonomy":"post_tag","embeddable":true,"href":"https:\/\/linitiative.ca\/International\/wp-json\/wp\/v2\/tags?post=125397"}],"curies":[{"name":"wp","href":"https:\/\/api.w.org\/{rel}","templated":true}]}}