{"id":125398,"date":"2021-08-28T05:51:03","date_gmt":"2021-08-28T09:51:03","guid":{"rendered":"https:\/\/linitiative.ca\/International\/wafa-assurance-ameliore-ses-indicateurs\/"},"modified":"2021-08-28T05:51:03","modified_gmt":"2021-08-28T09:51:03","slug":"wafa-assurance-ameliore-ses-indicateurs","status":"publish","type":"post","link":"https:\/\/linitiative.ca\/International\/wafa-assurance-ameliore-ses-indicateurs\/","title":{"rendered":"Wafa Assurance am\u00e9liore ses indicateurs"},"content":{"rendered":"<div>\n<div class=\"field field-name-body field-type-text-with-summary field-label-hidden\">\n<div class=\"field-items\">\n<div class=\"field-item even\" property=\"content:encoded\">\n<p class=\"rtejustify\">Wafa Assurance enregistre une hausse de ses principaux indicateurs au 1er semestre. La filiale d&rsquo;Attijariwafa bank a r\u00e9alis\u00e9 un chiffre d&rsquo;affaires de 5,25 milliards de DH, en hausse de 11,9% en glissement annuel. Une performance qui s&rsquo;explique par la bonne dynamique de la branche \u00ab\u00a0Vie\u00a0\u00bb qui boucle le semestre avec un chiffre d&rsquo;affaires de 2,8 milliards de DH (+19%),\u00a0port\u00e9 par la croissance de l&rsquo;activit\u00e9 \u00e9pargne et la bonne dynamique des produits pr\u00e9voyance.<\/p>\n<\/div>\n<\/div>\n<\/div>\n<\/div>\n<p>Auteur: hgueye<br \/>\n<a href=\"https:\/\/www.leconomiste.com\/flash-infos\/wafa-assurance-ameliore-ses-indicateurs\">Cliquez ici pour lire l&rsquo;article depuis sa source.<\/a><\/p>\n","protected":false},"excerpt":{"rendered":"<p>Wafa Assurance enregistre une hausse de ses principaux indicateurs au 1er semestre. La filiale d&rsquo;Attijariwafa bank a r\u00e9alis\u00e9 un chiffre d&rsquo;affaires de 5,25 milliards de DH, en hausse de 11,9% en glissement annuel. Une performance qui s&rsquo;explique par la bonne dynamique de la branche \u00ab\u00a0Vie\u00a0\u00bb qui boucle le semestre avec un chiffre d&rsquo;affaires de 2,8 [&hellip;]<\/p>\n","protected":false},"author":1763,"featured_media":0,"comment_status":"closed","ping_status":"closed","sticky":false,"template":"","format":"standard","meta":{"fifu_image_url":"","fifu_image_alt":"","footnotes":""},"categories":[78,54],"tags":[],"class_list":["post-125398","post","type-post","status-publish","format-standard","hentry","category-economie","category-maroc"],"_links":{"self":[{"href":"https:\/\/linitiative.ca\/International\/wp-json\/wp\/v2\/posts\/125398","targetHints":{"allow":["GET"]}}],"collection":[{"href":"https:\/\/linitiative.ca\/International\/wp-json\/wp\/v2\/posts"}],"about":[{"href":"https:\/\/linitiative.ca\/International\/wp-json\/wp\/v2\/types\/post"}],"author":[{"embeddable":true,"href":"https:\/\/linitiative.ca\/International\/wp-json\/wp\/v2\/users\/1763"}],"replies":[{"embeddable":true,"href":"https:\/\/linitiative.ca\/International\/wp-json\/wp\/v2\/comments?post=125398"}],"version-history":[{"count":0,"href":"https:\/\/linitiative.ca\/International\/wp-json\/wp\/v2\/posts\/125398\/revisions"}],"wp:attachment":[{"href":"https:\/\/linitiative.ca\/International\/wp-json\/wp\/v2\/media?parent=125398"}],"wp:term":[{"taxonomy":"category","embeddable":true,"href":"https:\/\/linitiative.ca\/International\/wp-json\/wp\/v2\/categories?post=125398"},{"taxonomy":"post_tag","embeddable":true,"href":"https:\/\/linitiative.ca\/International\/wp-json\/wp\/v2\/tags?post=125398"}],"curies":[{"name":"wp","href":"https:\/\/api.w.org\/{rel}","templated":true}]}}