{"id":125400,"date":"2021-08-28T10:07:15","date_gmt":"2021-08-28T14:07:15","guid":{"rendered":"https:\/\/linitiative.ca\/International\/melilia-mise-en-echec-de-lentree-de-350-migrants\/"},"modified":"2021-08-28T10:07:15","modified_gmt":"2021-08-28T14:07:15","slug":"melilia-mise-en-echec-de-lentree-de-350-migrants","status":"publish","type":"post","link":"https:\/\/linitiative.ca\/International\/melilia-mise-en-echec-de-lentree-de-350-migrants\/","title":{"rendered":"Melilia: Mise en \u00e9chec de l&rsquo;entr\u00e9e de 350 migrants"},"content":{"rendered":"<div>\n<div class=\"field field-name-body field-type-text-with-summary field-label-hidden\">\n<div class=\"field-items\">\n<div class=\"field-item even\" property=\"content:encoded\">\n<p class=\"rtejustify\">Les forces de s\u00e9curit\u00e9 marocaines et espagnoles ont emp\u00each\u00e9, ce samedi, l&rsquo;entr\u00e9e de\u00a0350 migrants\u00a0subsahariens \u00e0 Melilla, lors d&rsquo;une op\u00e9ration men\u00e9e \u00e0 l&rsquo;aube.<\/p>\n<p class=\"rtejustify\">Les 350 migrants subsahariens ont tent\u00e9 de rejoindre Melilia via le passage de Beni-Enzar, vers 5h35, mais ils ont \u00e9t\u00e9 bloqu\u00e9s les forces marocaines et espagnoles. L&rsquo;Espagne a d\u00e9ploy\u00e9 un h\u00e9licopt\u00e8re pour la surveillance, alors que les forces marocaines ont op\u00e9r\u00e9 au sol. Aucun migrant n&rsquo;a r\u00e9ussi \u00e0 p\u00e9n\u00e9trer dans la ville.<\/p>\n<\/div>\n<\/div>\n<\/div>\n<\/div>\n<p>Auteur: hgueye<br \/>\n<a href=\"https:\/\/www.leconomiste.com\/flash-infos\/melilia-mise-en-echec-de-l-entree-de-350-migrants\">Cliquez ici pour lire l&rsquo;article depuis sa source.<\/a><\/p>\n","protected":false},"excerpt":{"rendered":"<p>Les forces de s\u00e9curit\u00e9 marocaines et espagnoles ont emp\u00each\u00e9, ce samedi, l&rsquo;entr\u00e9e de\u00a0350 migrants\u00a0subsahariens \u00e0 Melilla, lors d&rsquo;une op\u00e9ration men\u00e9e \u00e0 l&rsquo;aube. Les 350 migrants subsahariens ont tent\u00e9 de rejoindre Melilia via le passage de Beni-Enzar, vers 5h35, mais ils ont \u00e9t\u00e9 bloqu\u00e9s les forces marocaines et espagnoles. L&rsquo;Espagne a d\u00e9ploy\u00e9 un h\u00e9licopt\u00e8re pour la [&hellip;]<\/p>\n","protected":false},"author":1763,"featured_media":0,"comment_status":"closed","ping_status":"closed","sticky":false,"template":"","format":"standard","meta":{"fifu_image_url":"","fifu_image_alt":"","footnotes":""},"categories":[78,54],"tags":[],"class_list":["post-125400","post","type-post","status-publish","format-standard","hentry","category-economie","category-maroc"],"_links":{"self":[{"href":"https:\/\/linitiative.ca\/International\/wp-json\/wp\/v2\/posts\/125400","targetHints":{"allow":["GET"]}}],"collection":[{"href":"https:\/\/linitiative.ca\/International\/wp-json\/wp\/v2\/posts"}],"about":[{"href":"https:\/\/linitiative.ca\/International\/wp-json\/wp\/v2\/types\/post"}],"author":[{"embeddable":true,"href":"https:\/\/linitiative.ca\/International\/wp-json\/wp\/v2\/users\/1763"}],"replies":[{"embeddable":true,"href":"https:\/\/linitiative.ca\/International\/wp-json\/wp\/v2\/comments?post=125400"}],"version-history":[{"count":0,"href":"https:\/\/linitiative.ca\/International\/wp-json\/wp\/v2\/posts\/125400\/revisions"}],"wp:attachment":[{"href":"https:\/\/linitiative.ca\/International\/wp-json\/wp\/v2\/media?parent=125400"}],"wp:term":[{"taxonomy":"category","embeddable":true,"href":"https:\/\/linitiative.ca\/International\/wp-json\/wp\/v2\/categories?post=125400"},{"taxonomy":"post_tag","embeddable":true,"href":"https:\/\/linitiative.ca\/International\/wp-json\/wp\/v2\/tags?post=125400"}],"curies":[{"name":"wp","href":"https:\/\/api.w.org\/{rel}","templated":true}]}}