{"id":125407,"date":"2021-08-28T06:39:19","date_gmt":"2021-08-28T10:39:19","guid":{"rendered":"https:\/\/linitiative.ca\/International\/justification-maladroite-del-othmani\/"},"modified":"2021-08-28T06:39:19","modified_gmt":"2021-08-28T10:39:19","slug":"justification-maladroite-del-othmani","status":"publish","type":"post","link":"https:\/\/linitiative.ca\/International\/justification-maladroite-del-othmani\/","title":{"rendered":"Justification maladroite d\u2019El Othmani"},"content":{"rendered":"<div>\n<div class=\"sriret\"><img decoding=\"async\" src=\"https:\/\/linitiative.ca\/International\/wp-content\/uploads\/sites\/23\/2021\/08\/default-picture-709x366_c-63.jpg\"><\/div>\n<p class=\"p2\"><span class=\"s2\">Tentative maladroite des autorit\u00e9s marocaines de justifier le grave d\u00e9rapage de leur ambassadeur \u00e0 l\u2019ONU. Dans un entretien accord\u00e9 au site \u00e9lectronique marocain Hespress, le chef du gouvernement du royaume ch\u00e9rifien, Saad El Othmani, s\u2019est prononc\u00e9 sur l\u2019action de son repr\u00e9sentant permanent aupr\u00e8s des Nations unies, Omar Hilale. <i>\u00abIl ne s\u2019agit pas d\u2019une position politique qu\u2019il a exprim\u00e9e, mais plut\u00f4t une r\u00e9action contre-argumentaire. Si vous dites cela, nous disons ceci. Mais, ce n\u2019est pas une position politique du Maroc\u00bb<\/i>, tente-il d\u2019expliquer, sans pr\u00e9senter d\u2019excuses, exig\u00e9es par la partie alg\u00e9rienne. <\/span><\/p>\n<p class=\"p2\"><span class=\"s2\">L\u2019Alg\u00e9rie a annonc\u00e9, mardi dernier, la rupture de ses relations diplomatiques avec le Maroc. Dans sa d\u00e9claration, le ministre des Affaires \u00e9trang\u00e8res et de la Communaut\u00e9 nationale \u00e0 l\u2019\u00e9tranger, Ramtane Lamamra, a rappel\u00e9 le <i>\u00abd\u00e9rapage\u00bb<\/i> du pl\u00e9nipotentiaire du royaume, qui <i>\u00abs\u2019est illustr\u00e9 par une d\u00e9rive particuli\u00e8rement dangereuse et irresponsable en invoquant un pr\u00e9tendu \u2018\u2018droit \u00e0 l\u2019autod\u00e9termination du vaillant peuple kabyle\u2019\u2019\u00bb<\/i>. Pour Lamamra, face \u00e0 une<i> \u00abprovocation qui atteint son paroxysme, l\u2019Alg\u00e9rie a fait preuve de retenue en demandant publiquement une clarification de la part d\u2019une autorit\u00e9 marocaine comp\u00e9tente\u00bb. \u00abLe silence assourdissant de la partie marocaine \u00e0 ce propos, qui persiste depuis le 16 juillet dernier, traduit clairement la marque d\u2019une caution politique de la plus haute autorit\u00e9 marocaine\u00bb<\/i>, souligne Lamamra.<\/span><\/p>\n<p>L\u2019article <a rel=\"nofollow\" href=\"https:\/\/www.elwatan.com\/edition\/actualite\/justification-maladroite-del-othmani-28-08-2021\">Justification maladroite d\u2019El Othmani<\/a> est apparu en premier sur <a rel=\"nofollow\" href=\"https:\/\/www.elwatan.com\/\">El Watan<\/a>.<\/p>\n<\/div>\n<p>Auteur: Hicham Chouadria<br \/>\n<a href=\"https:\/\/www.elwatan.com\/edition\/actualite\/justification-maladroite-del-othmani-28-08-2021\">Cliquez ici pour lire l&rsquo;article depuis sa source.<\/a><\/p>\n","protected":false},"excerpt":{"rendered":"<p>Tentative maladroite des autorit\u00e9s marocaines de justifier le grave d\u00e9rapage de leur ambassadeur \u00e0 l\u2019ONU. Dans un entretien accord\u00e9 au site \u00e9lectronique marocain Hespress, le chef du gouvernement du royaume ch\u00e9rifien, Saad El Othmani, s\u2019est prononc\u00e9 sur l\u2019action de son repr\u00e9sentant permanent aupr\u00e8s des Nations unies, Omar Hilale. \u00abIl ne s\u2019agit pas d\u2019une position politique [&hellip;]<\/p>\n","protected":false},"author":1743,"featured_media":0,"comment_status":"closed","ping_status":"closed","sticky":false,"template":"","format":"standard","meta":{"fifu_image_url":"https:\/\/www.elwatan.com\/wp-content\/themes\/spectr\/img\/default-picture-709x366_c.jpg","fifu_image_alt":"Justification maladroite d\u2019El Othmani","footnotes":""},"categories":[73,53],"tags":[],"class_list":["post-125407","post","type-post","status-publish","format-standard","hentry","category-actualite","category-algerie"],"_links":{"self":[{"href":"https:\/\/linitiative.ca\/International\/wp-json\/wp\/v2\/posts\/125407","targetHints":{"allow":["GET"]}}],"collection":[{"href":"https:\/\/linitiative.ca\/International\/wp-json\/wp\/v2\/posts"}],"about":[{"href":"https:\/\/linitiative.ca\/International\/wp-json\/wp\/v2\/types\/post"}],"author":[{"embeddable":true,"href":"https:\/\/linitiative.ca\/International\/wp-json\/wp\/v2\/users\/1743"}],"replies":[{"embeddable":true,"href":"https:\/\/linitiative.ca\/International\/wp-json\/wp\/v2\/comments?post=125407"}],"version-history":[{"count":0,"href":"https:\/\/linitiative.ca\/International\/wp-json\/wp\/v2\/posts\/125407\/revisions"}],"wp:attachment":[{"href":"https:\/\/linitiative.ca\/International\/wp-json\/wp\/v2\/media?parent=125407"}],"wp:term":[{"taxonomy":"category","embeddable":true,"href":"https:\/\/linitiative.ca\/International\/wp-json\/wp\/v2\/categories?post=125407"},{"taxonomy":"post_tag","embeddable":true,"href":"https:\/\/linitiative.ca\/International\/wp-json\/wp\/v2\/tags?post=125407"}],"curies":[{"name":"wp","href":"https:\/\/api.w.org\/{rel}","templated":true}]}}