{"id":125409,"date":"2021-08-28T06:40:27","date_gmt":"2021-08-28T10:40:27","guid":{"rendered":"https:\/\/linitiative.ca\/International\/consequence-de-la-rupture-des-relations-diplomatiques-avec-le-maroc-lalgerie-enterre-le-gazoduc-maghreb-europe\/"},"modified":"2021-08-28T06:40:27","modified_gmt":"2021-08-28T10:40:27","slug":"consequence-de-la-rupture-des-relations-diplomatiques-avec-le-maroc-lalgerie-enterre-le-gazoduc-maghreb-europe","status":"publish","type":"post","link":"https:\/\/linitiative.ca\/International\/consequence-de-la-rupture-des-relations-diplomatiques-avec-le-maroc-lalgerie-enterre-le-gazoduc-maghreb-europe\/","title":{"rendered":"Cons\u00e9quence de la rupture des relations diplomatiques avec le Maroc : L\u2019Alg\u00e9rie \u00abenterre\u00bb le gazoduc Maghreb-Europe"},"content":{"rendered":"<div>\n<div class=\"sriret\"><img loading=\"lazy\" decoding=\"async\" width=\"1000\" height=\"663\" src=\"https:\/\/linitiative.ca\/International\/wp-content\/uploads\/sites\/23\/2021\/08\/gaz-col.gif\" class=\"attachment-featured_large size-featured_large wp-post-image\" alt=\"Photo : D. R.\" style=\"margin-bottom: 15px;\"><\/div>\n<p class=\"p1\"><span class=\"s1\"><b>I<\/b><\/span><span class=\"s1\">l<b> <\/b>n\u2019est pas affirm\u00e9 explicitement par le ministre de l\u2019Energie et des Mines, Mohamed Arkab. Mais il le laisse clairement entendre. Le renouvellement du contrat de transport du gaz alg\u00e9rien vers l\u2019Espagne, via le gazoduc Magreb-Europe (GME) qui passe par le Maroc, ne devrait pas avoir lieu \u00e0 la fin du mois d\u2019octobre prochain, date de son expiration. <\/span><\/p>\n<p class=\"p1\"><span class=\"s1\">C\u2019est ce que l\u2019on peut comprendre \u00e0 travers les d\u00e9clarations du ministre \u00e0 l\u2019issue de sa rencontre, jeudi dernier, avec l\u2019ambassadeur d\u2019Espagne en Alg\u00e9rie, Fernando Moran. Mohamed Arkab annonce, en effet, que l\u2019ensemble des approvisionnements de l\u2019Espagne en gaz naturel alg\u00e9rien sera assur\u00e9 \u00e0 travers le gazoduc Medgaz, reliant directement l\u2019Alg\u00e9rie \u00e0 ce pays de la rive nord de la M\u00e9diterran\u00e9e.<\/span><\/p>\n<p>*Retrouvez l\u2019inte\u0301gralite\u0301 de nos articles sur la version papier<\/p>\n<p>L\u2019article <a rel=\"nofollow\" href=\"https:\/\/www.elwatan.com\/a-la-une\/consequence-de-la-rupture-des-relations-diplomatiques-avec-le-maroc-lalgerie-enterre-le-gazoduc-maghreb-europe-28-08-2021\">Cons\u00e9quence de la rupture des relations diplomatiques avec le Maroc : L\u2019Alg\u00e9rie \u00abenterre\u00bb le gazoduc Maghreb-Europe<\/a> est apparu en premier sur <a rel=\"nofollow\" href=\"https:\/\/www.elwatan.com\/\">El Watan<\/a>.<\/p>\n<\/div>\n<p>Auteur: Hicham Chouadria<br \/>\n<a href=\"https:\/\/www.elwatan.com\/a-la-une\/consequence-de-la-rupture-des-relations-diplomatiques-avec-le-maroc-lalgerie-enterre-le-gazoduc-maghreb-europe-28-08-2021\">Cliquez ici pour lire l&rsquo;article depuis sa source.<\/a><\/p>\n","protected":false},"excerpt":{"rendered":"<p>Il n\u2019est pas affirm\u00e9 explicitement par le ministre de l\u2019Energie et des Mines, Mohamed Arkab. Mais il le laisse clairement entendre. Le renouvellement du contrat de transport du gaz alg\u00e9rien vers l\u2019Espagne, via le gazoduc Magreb-Europe (GME) qui passe par le Maroc, ne devrait pas avoir lieu \u00e0 la fin du mois d\u2019octobre prochain, date [&hellip;]<\/p>\n","protected":false},"author":1743,"featured_media":0,"comment_status":"closed","ping_status":"closed","sticky":false,"template":"","format":"standard","meta":{"fifu_image_url":"https:\/\/www.elwatan.com\/wp-content\/uploads\/2018\/08\/gaz-col.gif","fifu_image_alt":"Cons\u00e9quence de la rupture des relations diplomatiques avec le Maroc : L\u2019Alg\u00e9rie \u00abenterre\u00bb le gazoduc Maghreb-Europe","footnotes":""},"categories":[73,53],"tags":[],"class_list":["post-125409","post","type-post","status-publish","format-standard","hentry","category-actualite","category-algerie"],"_links":{"self":[{"href":"https:\/\/linitiative.ca\/International\/wp-json\/wp\/v2\/posts\/125409","targetHints":{"allow":["GET"]}}],"collection":[{"href":"https:\/\/linitiative.ca\/International\/wp-json\/wp\/v2\/posts"}],"about":[{"href":"https:\/\/linitiative.ca\/International\/wp-json\/wp\/v2\/types\/post"}],"author":[{"embeddable":true,"href":"https:\/\/linitiative.ca\/International\/wp-json\/wp\/v2\/users\/1743"}],"replies":[{"embeddable":true,"href":"https:\/\/linitiative.ca\/International\/wp-json\/wp\/v2\/comments?post=125409"}],"version-history":[{"count":0,"href":"https:\/\/linitiative.ca\/International\/wp-json\/wp\/v2\/posts\/125409\/revisions"}],"wp:attachment":[{"href":"https:\/\/linitiative.ca\/International\/wp-json\/wp\/v2\/media?parent=125409"}],"wp:term":[{"taxonomy":"category","embeddable":true,"href":"https:\/\/linitiative.ca\/International\/wp-json\/wp\/v2\/categories?post=125409"},{"taxonomy":"post_tag","embeddable":true,"href":"https:\/\/linitiative.ca\/International\/wp-json\/wp\/v2\/tags?post=125409"}],"curies":[{"name":"wp","href":"https:\/\/api.w.org\/{rel}","templated":true}]}}