{"id":125411,"date":"2021-08-28T08:16:31","date_gmt":"2021-08-28T12:16:31","guid":{"rendered":"https:\/\/linitiative.ca\/International\/sahara-occidental-le-russe-alexander-ivanko-nomme-nouveau-chef-de-la-minurso\/"},"modified":"2021-08-28T08:16:31","modified_gmt":"2021-08-28T12:16:31","slug":"sahara-occidental-le-russe-alexander-ivanko-nomme-nouveau-chef-de-la-minurso","status":"publish","type":"post","link":"https:\/\/linitiative.ca\/International\/sahara-occidental-le-russe-alexander-ivanko-nomme-nouveau-chef-de-la-minurso\/","title":{"rendered":"Sahara occidental : le Russe Alexander Ivanko, nomm\u00e9 nouveau chef de la Minurso"},"content":{"rendered":"<div>\n<div class=\"sriret\"><img decoding=\"async\" src=\"https:\/\/linitiative.ca\/International\/wp-content\/uploads\/sites\/23\/2021\/08\/default-picture-709x366_c-64.jpg\"><\/div>\n<p>Le secr\u00e9taire g\u00e9n\u00e9ral des Nations unies, Antonio Guterres, a annonc\u00e9 vendredi 27 ao\u00fbt avoir nomm\u00e9, Alexander Ivanko, de la F\u00e9d\u00e9ration de Russie en tant que nouveau Repr\u00e9sentant sp\u00e9cial pour le Sahara occidental et chef de la Mission des Nations Unies pour l\u2019organisation d\u2019un r\u00e9f\u00e9rendum au Sahara occidental (Minurso).<\/p>\n<p>Alexander Ivanko succ\u00e8de au canadien Colin Stewart. Ayant servi comme chef d\u2019\u00e9tat-major de la Minurso depuis 2009, M. Ivanko cumule plus de 30 ans d\u2019exp\u00e9rience dans les affaires internationales, le maintien de la paix et le journalisme, selon un communiqu\u00e9 de l\u2019ONU. Il a auparavant \u00e9t\u00e9 directeur de l\u2019information publique pour la Mission des Nations Unies au Kosovo (2006-2009) et porte-parole des Nations Unies en Bosnie-Herz\u00e9govine (1994-1998). M. Ivanko a entam\u00e9 sa carri\u00e8re dans le journalisme, travaillant comme correspondant en Afghanistan et aux Etats-Unis pour un journal russe. Il a \u00e9galement \u00e9t\u00e9 conseiller principal aupr\u00e8s du repr\u00e9sentant pour la libert\u00e9 des m\u00e9dias de l\u2019Organisation pour la s\u00e9curit\u00e9 et la coop\u00e9ration en Europe (1998-2005). Il est titulaire d\u2019une ma\u00eetrise en journalisme de l\u2019Universit\u00e9 d\u2019Etat de Moscou et parle couramment le russe et l\u2019anglais.<\/p>\n<p>L\u2019article <a rel=\"nofollow\" href=\"https:\/\/www.elwatan.com\/edition\/actualite\/sahara-occidental-le-russe-alexander-ivanko-nomme-nouveau-chef-de-la-minurso-28-08-2021\">Sahara occidental : le Russe Alexander Ivanko, nomm\u00e9 nouveau chef de la Minurso<\/a> est apparu en premier sur <a rel=\"nofollow\" href=\"https:\/\/www.elwatan.com\/\">El Watan<\/a>.<\/p>\n<\/div>\n<p>Auteur: Abdelghani Aichoun<br \/>\n<a href=\"https:\/\/www.elwatan.com\/edition\/actualite\/sahara-occidental-le-russe-alexander-ivanko-nomme-nouveau-chef-de-la-minurso-28-08-2021\">Cliquez ici pour lire l&rsquo;article depuis sa source.<\/a><\/p>\n","protected":false},"excerpt":{"rendered":"<p>Le secr\u00e9taire g\u00e9n\u00e9ral des Nations unies, Antonio Guterres, a annonc\u00e9 vendredi 27 ao\u00fbt avoir nomm\u00e9, Alexander Ivanko, de la F\u00e9d\u00e9ration de Russie en tant que nouveau Repr\u00e9sentant sp\u00e9cial pour le Sahara occidental et chef de la Mission des Nations Unies pour l\u2019organisation d\u2019un r\u00e9f\u00e9rendum au Sahara occidental (Minurso). Alexander Ivanko succ\u00e8de au canadien Colin Stewart. [&hellip;]<\/p>\n","protected":false},"author":1743,"featured_media":0,"comment_status":"closed","ping_status":"closed","sticky":false,"template":"","format":"standard","meta":{"fifu_image_url":"https:\/\/www.elwatan.com\/wp-content\/themes\/spectr\/img\/default-picture-709x366_c.jpg","fifu_image_alt":"Sahara occidental : le Russe Alexander Ivanko, nomm\u00e9 nouveau chef de la Minurso","footnotes":""},"categories":[73,53],"tags":[],"class_list":["post-125411","post","type-post","status-publish","format-standard","hentry","category-actualite","category-algerie"],"_links":{"self":[{"href":"https:\/\/linitiative.ca\/International\/wp-json\/wp\/v2\/posts\/125411","targetHints":{"allow":["GET"]}}],"collection":[{"href":"https:\/\/linitiative.ca\/International\/wp-json\/wp\/v2\/posts"}],"about":[{"href":"https:\/\/linitiative.ca\/International\/wp-json\/wp\/v2\/types\/post"}],"author":[{"embeddable":true,"href":"https:\/\/linitiative.ca\/International\/wp-json\/wp\/v2\/users\/1743"}],"replies":[{"embeddable":true,"href":"https:\/\/linitiative.ca\/International\/wp-json\/wp\/v2\/comments?post=125411"}],"version-history":[{"count":0,"href":"https:\/\/linitiative.ca\/International\/wp-json\/wp\/v2\/posts\/125411\/revisions"}],"wp:attachment":[{"href":"https:\/\/linitiative.ca\/International\/wp-json\/wp\/v2\/media?parent=125411"}],"wp:term":[{"taxonomy":"category","embeddable":true,"href":"https:\/\/linitiative.ca\/International\/wp-json\/wp\/v2\/categories?post=125411"},{"taxonomy":"post_tag","embeddable":true,"href":"https:\/\/linitiative.ca\/International\/wp-json\/wp\/v2\/tags?post=125411"}],"curies":[{"name":"wp","href":"https:\/\/api.w.org\/{rel}","templated":true}]}}