{"id":125413,"date":"2021-08-28T08:19:16","date_gmt":"2021-08-28T12:19:16","guid":{"rendered":"https:\/\/linitiative.ca\/International\/bejaia-une-fillette-de-3-ans-retrouvee-morte\/"},"modified":"2021-08-28T08:19:16","modified_gmt":"2021-08-28T12:19:16","slug":"bejaia-une-fillette-de-3-ans-retrouvee-morte","status":"publish","type":"post","link":"https:\/\/linitiative.ca\/International\/bejaia-une-fillette-de-3-ans-retrouvee-morte\/","title":{"rendered":"\u00a0Beja\u00efa : une fillette de 3 ans retrouv\u00e9e morte"},"content":{"rendered":"<div>\n<div class=\"sriret\"><img decoding=\"async\" src=\"https:\/\/linitiative.ca\/International\/wp-content\/uploads\/sites\/23\/2021\/08\/default-picture-709x366_c-65.jpg\"><\/div>\n<p>Le corps d\u2019une fillette (B.M) de 3 ans, retrouv\u00e9e morte, a \u00e9t\u00e9 transf\u00e9r\u00e9 vendredi soir au service de m\u00e9decine l\u00e9gale de l\u2019h\u00f4pital d\u2019Akbou, au Sud de B\u00e9ja\u00efa, a-t-on appris samedi 28 ao\u00fbt de la direction de cette structure sanitaire.<\/p>\n<p>Disparue depuis jeudi dans la matin\u00e9e, vers 11h, la petite fillette a fait l\u2019objet d\u2019une vaste op\u00e9ration de recherche par les services de s\u00e9curit\u00e9, sa famille et les gens de son village et a \u00e9t\u00e9 retrouv\u00e9e vendredi, inerte et d\u00e9barrass\u00e9e de ses habits, juste \u00e0 l\u2019or\u00e9e du village Tala Abdellah. Rencontr\u00e9s \u00e0 l\u2019h\u00f4pital, des parents de la petite fille ont indiqu\u00e9 qu\u2019elle \u00e9tait venue d\u2019Alger pour passer les vacances avec ses parents dans leur village. Les circonstances ainsi que les causes de sa mort restent ind\u00e9termin\u00e9es pour le moment et font l\u2019objet d\u2019une enqu\u00eate des services de s\u00e9curit\u00e9.<\/p>\n<p>L\u2019article <a rel=\"nofollow\" href=\"https:\/\/www.elwatan.com\/edition\/actualite\/bejaia-une-fillette-de-3-ans-retrouvee-morte-28-08-2021\">\u00a0Beja\u00efa : une fillette de 3 ans retrouv\u00e9e morte<\/a> est apparu en premier sur <a rel=\"nofollow\" href=\"https:\/\/www.elwatan.com\/\">El Watan<\/a>.<\/p>\n<\/div>\n<p>Auteur: Abdelghani Aichoun<br \/>\n<a href=\"https:\/\/www.elwatan.com\/edition\/actualite\/bejaia-une-fillette-de-3-ans-retrouvee-morte-28-08-2021\">Cliquez ici pour lire l&rsquo;article depuis sa source.<\/a><\/p>\n","protected":false},"excerpt":{"rendered":"<p>Le corps d\u2019une fillette (B.M) de 3 ans, retrouv\u00e9e morte, a \u00e9t\u00e9 transf\u00e9r\u00e9 vendredi soir au service de m\u00e9decine l\u00e9gale de l\u2019h\u00f4pital d\u2019Akbou, au Sud de B\u00e9ja\u00efa, a-t-on appris samedi 28 ao\u00fbt de la direction de cette structure sanitaire. Disparue depuis jeudi dans la matin\u00e9e, vers 11h, la petite fillette a fait l\u2019objet d\u2019une vaste [&hellip;]<\/p>\n","protected":false},"author":1743,"featured_media":0,"comment_status":"closed","ping_status":"closed","sticky":false,"template":"","format":"standard","meta":{"fifu_image_url":"https:\/\/www.elwatan.com\/wp-content\/themes\/spectr\/img\/default-picture-709x366_c.jpg","fifu_image_alt":"\u00a0Beja\u00efa : une fillette de 3 ans retrouv\u00e9e morte","footnotes":""},"categories":[73,53],"tags":[],"class_list":["post-125413","post","type-post","status-publish","format-standard","hentry","category-actualite","category-algerie"],"_links":{"self":[{"href":"https:\/\/linitiative.ca\/International\/wp-json\/wp\/v2\/posts\/125413","targetHints":{"allow":["GET"]}}],"collection":[{"href":"https:\/\/linitiative.ca\/International\/wp-json\/wp\/v2\/posts"}],"about":[{"href":"https:\/\/linitiative.ca\/International\/wp-json\/wp\/v2\/types\/post"}],"author":[{"embeddable":true,"href":"https:\/\/linitiative.ca\/International\/wp-json\/wp\/v2\/users\/1743"}],"replies":[{"embeddable":true,"href":"https:\/\/linitiative.ca\/International\/wp-json\/wp\/v2\/comments?post=125413"}],"version-history":[{"count":0,"href":"https:\/\/linitiative.ca\/International\/wp-json\/wp\/v2\/posts\/125413\/revisions"}],"wp:attachment":[{"href":"https:\/\/linitiative.ca\/International\/wp-json\/wp\/v2\/media?parent=125413"}],"wp:term":[{"taxonomy":"category","embeddable":true,"href":"https:\/\/linitiative.ca\/International\/wp-json\/wp\/v2\/categories?post=125413"},{"taxonomy":"post_tag","embeddable":true,"href":"https:\/\/linitiative.ca\/International\/wp-json\/wp\/v2\/tags?post=125413"}],"curies":[{"name":"wp","href":"https:\/\/api.w.org\/{rel}","templated":true}]}}