{"id":125419,"date":"2021-08-28T06:35:00","date_gmt":"2021-08-28T10:35:00","guid":{"rendered":"https:\/\/linitiative.ca\/International\/bilan-positif-de-lambassadeur-de-tunisie-a-abidjan-nawfel-labidi-fait-commandeur-de-lordre-national-album-photos\/"},"modified":"2021-08-28T06:35:00","modified_gmt":"2021-08-28T10:35:00","slug":"bilan-positif-de-lambassadeur-de-tunisie-a-abidjan-nawfel-labidi-fait-commandeur-de-lordre-national-album-photos","status":"publish","type":"post","link":"https:\/\/linitiative.ca\/International\/bilan-positif-de-lambassadeur-de-tunisie-a-abidjan-nawfel-labidi-fait-commandeur-de-lordre-national-album-photos\/","title":{"rendered":"Bilan positif de l&rsquo;ambassadeur de Tunisie \u00e0 Abidjan, Nawfel Labidi, fait commandeur de l&rsquo;Ordre national (Album photos)"},"content":{"rendered":"<div><img decoding=\"async\" src=\"https:\/\/linitiative.ca\/International\/wp-content\/uploads\/sites\/23\/2021\/08\/1630143341_article.jpg\" alt=\"Bilan tr\u00e8s positif de l\" ambassadeur de tunisie abidjan nawfel labidi fait commandeur l national align=\"left\">Haute distinction bien m\u00e9rit\u00e9e par l\u2019ambassadeur de Tunisie \u00e0 Abidjan, Mohamed Nawfel Labidi. Au terme de sa mission de quatre ans et demi, il a \u00e9t\u00e9 fait commandeur de l\u2019Ordre national. La remise des insignes a eu lieu lors d\u2019une c\u00e9r\u00e9monie suivie de d\u00eener qui s\u2019est d\u00e9roul\u00e9e jeudi 26 ao\u00fbt au si\u00e8ge du minist\u00e8re des Affaires \u00e9trang\u00e8res. En mission \u00e0 l\u2019\u00e9tranger, la ministre d\u2019\u00c9tat des Affaires \u00e9trang\u00e8res, de l\u2019int\u00e9gration africaine et de la diaspora, Kandia Camara, a charg\u00e9 le ministre d\u00e9l\u00e9gu\u00e9 Alcide Dj\u00e9dj\u00e9, de pr\u00e9sider cette c\u00e9r\u00e9monie.<br \/>\nLe mandat de l\u2019ambassadeur Laabidi en C\u00f4te d\u2019Ivoire a \u00e9t\u00e9 marqu\u00e9 par un renforcement significatif des &#8230;<\/p>\n<\/div>\n<p>Auteur:<br \/>\n<a href=\"https:\/\/www.leaders.com.tn\/article\/32340-bilan-tres-positif-de-l-ambassadeur-de-tunisie-a-abidjan-nawfel-labidi-fait-commandeur-de-l-ordre-national\">Cliquez ici pour lire l&rsquo;article depuis sa source.<\/a><\/p>\n","protected":false},"excerpt":{"rendered":"<p>Haute distinction bien m\u00e9rit\u00e9e par l\u2019ambassadeur de Tunisie \u00e0 Abidjan, Mohamed Nawfel Labidi. Au terme de sa mission de quatre ans et demi, il a \u00e9t\u00e9 fait commandeur de l\u2019Ordre national. La remise des insignes a eu lieu lors d\u2019une c\u00e9r\u00e9monie suivie de d\u00eener qui s\u2019est d\u00e9roul\u00e9e jeudi 26 ao\u00fbt au si\u00e8ge du minist\u00e8re des [&hellip;]<\/p>\n","protected":false},"author":1772,"featured_media":0,"comment_status":"closed","ping_status":"closed","sticky":false,"template":"","format":"standard","meta":{"fifu_image_url":"http:\/\/www.leaders.com.tn\/uploads\/content\/thumbnails_small\/1630143341_article.jpg","fifu_image_alt":"<div>Bilan positif de l'ambassadeur de Tunisie \u00e0 Abidjan, Nawfel Labidi, fait commandeur de l'Ordre national (Album photos)<\/div>","footnotes":""},"categories":[73,55],"tags":[],"class_list":["post-125419","post","type-post","status-publish","format-standard","hentry","category-actualite","category-tunisie"],"_links":{"self":[{"href":"https:\/\/linitiative.ca\/International\/wp-json\/wp\/v2\/posts\/125419","targetHints":{"allow":["GET"]}}],"collection":[{"href":"https:\/\/linitiative.ca\/International\/wp-json\/wp\/v2\/posts"}],"about":[{"href":"https:\/\/linitiative.ca\/International\/wp-json\/wp\/v2\/types\/post"}],"author":[{"embeddable":true,"href":"https:\/\/linitiative.ca\/International\/wp-json\/wp\/v2\/users\/1772"}],"replies":[{"embeddable":true,"href":"https:\/\/linitiative.ca\/International\/wp-json\/wp\/v2\/comments?post=125419"}],"version-history":[{"count":0,"href":"https:\/\/linitiative.ca\/International\/wp-json\/wp\/v2\/posts\/125419\/revisions"}],"wp:attachment":[{"href":"https:\/\/linitiative.ca\/International\/wp-json\/wp\/v2\/media?parent=125419"}],"wp:term":[{"taxonomy":"category","embeddable":true,"href":"https:\/\/linitiative.ca\/International\/wp-json\/wp\/v2\/categories?post=125419"},{"taxonomy":"post_tag","embeddable":true,"href":"https:\/\/linitiative.ca\/International\/wp-json\/wp\/v2\/tags?post=125419"}],"curies":[{"name":"wp","href":"https:\/\/api.w.org\/{rel}","templated":true}]}}