{"id":125423,"date":"2021-08-28T06:00:00","date_gmt":"2021-08-28T10:00:00","guid":{"rendered":"https:\/\/linitiative.ca\/International\/du-lourd-pour-nos-verts-deurope\/"},"modified":"2021-08-28T06:00:00","modified_gmt":"2021-08-28T10:00:00","slug":"du-lourd-pour-nos-verts-deurope","status":"publish","type":"post","link":"https:\/\/linitiative.ca\/International\/du-lourd-pour-nos-verts-deurope\/","title":{"rendered":"Du lourd pour nos Verts d\u2019Europe"},"content":{"rendered":"<div>Le tirage au sort de la phase des poules des deux principales \u00e9preuves interclubs en Europe, la Ligue des Champions et l\u2019Europa League a eu lieu respectivement jeudi et vendredi. Dans la premi\u00e8re comp\u00e9tition, quatre internationaux alg\u00e9riens<\/div>\n<p>Auteur:<br \/>\n<a href=\"https:\/\/www.lesoirdalgerie.com\/sports\/du-lourd-pour-nos-verts-deurope-66562\">Cliquez ici pour lire l&rsquo;article depuis sa source.<\/a><\/p>\n","protected":false},"excerpt":{"rendered":"<p>Le tirage au sort de la phase des poules des deux principales \u00e9preuves interclubs en Europe, la Ligue des Champions et l\u2019Europa League a eu lieu respectivement jeudi et vendredi. Dans la premi\u00e8re comp\u00e9tition, quatre internationaux alg\u00e9riens Auteur: Cliquez ici pour lire l&rsquo;article depuis sa source.<\/p>\n","protected":false},"author":1741,"featured_media":0,"comment_status":"closed","ping_status":"closed","sticky":false,"template":"","format":"standard","meta":{"fifu_image_url":"","fifu_image_alt":"","footnotes":""},"categories":[73,53],"tags":[],"class_list":["post-125423","post","type-post","status-publish","format-standard","hentry","category-actualite","category-algerie"],"_links":{"self":[{"href":"https:\/\/linitiative.ca\/International\/wp-json\/wp\/v2\/posts\/125423","targetHints":{"allow":["GET"]}}],"collection":[{"href":"https:\/\/linitiative.ca\/International\/wp-json\/wp\/v2\/posts"}],"about":[{"href":"https:\/\/linitiative.ca\/International\/wp-json\/wp\/v2\/types\/post"}],"author":[{"embeddable":true,"href":"https:\/\/linitiative.ca\/International\/wp-json\/wp\/v2\/users\/1741"}],"replies":[{"embeddable":true,"href":"https:\/\/linitiative.ca\/International\/wp-json\/wp\/v2\/comments?post=125423"}],"version-history":[{"count":0,"href":"https:\/\/linitiative.ca\/International\/wp-json\/wp\/v2\/posts\/125423\/revisions"}],"wp:attachment":[{"href":"https:\/\/linitiative.ca\/International\/wp-json\/wp\/v2\/media?parent=125423"}],"wp:term":[{"taxonomy":"category","embeddable":true,"href":"https:\/\/linitiative.ca\/International\/wp-json\/wp\/v2\/categories?post=125423"},{"taxonomy":"post_tag","embeddable":true,"href":"https:\/\/linitiative.ca\/International\/wp-json\/wp\/v2\/tags?post=125423"}],"curies":[{"name":"wp","href":"https:\/\/api.w.org\/{rel}","templated":true}]}}