{"id":125425,"date":"2021-08-28T06:00:00","date_gmt":"2021-08-28T10:00:00","guid":{"rendered":"https:\/\/linitiative.ca\/International\/theatre-amateur-et-professionnel-en-debat\/"},"modified":"2021-08-28T06:00:00","modified_gmt":"2021-08-28T10:00:00","slug":"theatre-amateur-et-professionnel-en-debat","status":"publish","type":"post","link":"https:\/\/linitiative.ca\/International\/theatre-amateur-et-professionnel-en-debat\/","title":{"rendered":"Th\u00e9\u00e2tre amateur et professionnel en d\u00e9bat"},"content":{"rendered":"<div>Le th\u00e9\u00e2tre amateur a constitu\u00e9 un \u00abr\u00e9servoir de com\u00e9diens\u00bb pour le th\u00e9\u00e2tre professionnel auquel il a inject\u00e9 un grand nombre de talents qui ont brill\u00e9 dans les th\u00e9\u00e2tres r\u00e9gionaux, a indiqu\u00e9 jeudi \u00e0 Alger le journaliste,<\/div>\n<p>Auteur:<br \/>\n<a href=\"https:\/\/www.lesoirdalgerie.com\/culture\/theatre-amateur-et-professionnel-en-debat-66560\">Cliquez ici pour lire l&rsquo;article depuis sa source.<\/a><\/p>\n","protected":false},"excerpt":{"rendered":"<p>Le th\u00e9\u00e2tre amateur a constitu\u00e9 un \u00abr\u00e9servoir de com\u00e9diens\u00bb pour le th\u00e9\u00e2tre professionnel auquel il a inject\u00e9 un grand nombre de talents qui ont brill\u00e9 dans les th\u00e9\u00e2tres r\u00e9gionaux, a indiqu\u00e9 jeudi \u00e0 Alger le journaliste, Auteur: Cliquez ici pour lire l&rsquo;article depuis sa source.<\/p>\n","protected":false},"author":1741,"featured_media":0,"comment_status":"closed","ping_status":"closed","sticky":false,"template":"","format":"standard","meta":{"fifu_image_url":"","fifu_image_alt":"","footnotes":""},"categories":[73,53],"tags":[],"class_list":["post-125425","post","type-post","status-publish","format-standard","hentry","category-actualite","category-algerie"],"_links":{"self":[{"href":"https:\/\/linitiative.ca\/International\/wp-json\/wp\/v2\/posts\/125425","targetHints":{"allow":["GET"]}}],"collection":[{"href":"https:\/\/linitiative.ca\/International\/wp-json\/wp\/v2\/posts"}],"about":[{"href":"https:\/\/linitiative.ca\/International\/wp-json\/wp\/v2\/types\/post"}],"author":[{"embeddable":true,"href":"https:\/\/linitiative.ca\/International\/wp-json\/wp\/v2\/users\/1741"}],"replies":[{"embeddable":true,"href":"https:\/\/linitiative.ca\/International\/wp-json\/wp\/v2\/comments?post=125425"}],"version-history":[{"count":0,"href":"https:\/\/linitiative.ca\/International\/wp-json\/wp\/v2\/posts\/125425\/revisions"}],"wp:attachment":[{"href":"https:\/\/linitiative.ca\/International\/wp-json\/wp\/v2\/media?parent=125425"}],"wp:term":[{"taxonomy":"category","embeddable":true,"href":"https:\/\/linitiative.ca\/International\/wp-json\/wp\/v2\/categories?post=125425"},{"taxonomy":"post_tag","embeddable":true,"href":"https:\/\/linitiative.ca\/International\/wp-json\/wp\/v2\/tags?post=125425"}],"curies":[{"name":"wp","href":"https:\/\/api.w.org\/{rel}","templated":true}]}}