{"id":125426,"date":"2021-08-27T18:14:13","date_gmt":"2021-08-27T22:14:13","guid":{"rendered":"https:\/\/linitiative.ca\/International\/c24-lambassadeur-hilale-demystifie-le-pseudo-statut-dobservateur-de-lalgerie-dans-la-question-du-sahara-marocain\/"},"modified":"2021-08-27T18:14:13","modified_gmt":"2021-08-27T22:14:13","slug":"c24-lambassadeur-hilale-demystifie-le-pseudo-statut-dobservateur-de-lalgerie-dans-la-question-du-sahara-marocain","status":"publish","type":"post","link":"https:\/\/linitiative.ca\/International\/c24-lambassadeur-hilale-demystifie-le-pseudo-statut-dobservateur-de-lalgerie-dans-la-question-du-sahara-marocain\/","title":{"rendered":"C24. L\u2019ambassadeur Hilale d\u00e9mystifie le pseudo statut d\u2019observateur de l\u2019Alg\u00e9rie dans la question du Sahara marocain"},"content":{"rendered":"<div><img decoding=\"async\" width=\"696\" height=\"360\" src=\"https:\/\/linitiative.ca\/International\/wp-content\/uploads\/sites\/23\/2021\/08\/hilal.jpg\" class=\"attachment-post-thumbnail size-post-thumbnail wp-post-image\" alt=\"\" loading=\"lazy\" srcset=\"https:\/\/linitiative.ca\/International\/wp-content\/uploads\/sites\/23\/2021\/08\/hilal.jpg 696w, https:\/\/www.challenge.ma\/wp-content\/uploads\/2021\/08\/hilal-300x155.jpg 300w, https:\/\/www.challenge.ma\/wp-content\/uploads\/2021\/08\/hilal-360x186.jpg 360w\" sizes=\"auto, (max-width: 696px) 100vw, 696px\" itemprop=\"image\">Intervenant en r\u00e9action \u00e0 la d\u00e9claration intempestive, irrespectueuse et mensong\u00e8re du repr\u00e9sentant permanent de l\u2019Alg\u00e9rie \u00e0 l\u2019ONU, Soufiane Mimoumi, lors des travaux du s\u00e9minaire r\u00e9gional du C24 pour les Cara\u00efbes qui se tient \u00e0 la Dominique du 25 au 27 ao\u00fbt 2021, l\u2019ambassadeur, Repr\u00e9sentant permanent du Maroc \u00e0 l\u2019ONU, Omar<\/div>\n<p>Auteur: challenge<br \/>\n<a href=\"https:\/\/www.challenge.ma\/c24-lambassadeur-hilale-demystifie-le-pseudo-statut-dobservateur-de-lalgerie-dans-la-question-du-sahara-marocain-196749\/\">Cliquez ici pour lire l&rsquo;article depuis sa source.<\/a><\/p>\n","protected":false},"excerpt":{"rendered":"<p>Intervenant en r\u00e9action \u00e0 la d\u00e9claration intempestive, irrespectueuse et mensong\u00e8re du repr\u00e9sentant permanent de l\u2019Alg\u00e9rie \u00e0 l\u2019ONU, Soufiane Mimoumi, lors des travaux du s\u00e9minaire r\u00e9gional du C24 pour les Cara\u00efbes qui se tient \u00e0 la Dominique du 25 au 27 ao\u00fbt 2021, l\u2019ambassadeur, Repr\u00e9sentant permanent du Maroc \u00e0 l\u2019ONU, Omar Auteur: challenge Cliquez ici pour [&hellip;]<\/p>\n","protected":false},"author":1787,"featured_media":0,"comment_status":"closed","ping_status":"closed","sticky":false,"template":"","format":"standard","meta":{"fifu_image_url":"https:\/\/www.challenge.ma\/wp-content\/uploads\/2021\/08\/hilal.jpg","fifu_image_alt":"C24. L\u2019ambassadeur Hilale d\u00e9mystifie le pseudo statut d\u2019observateur de l\u2019Alg\u00e9rie dans la question du Sahara marocain","footnotes":""},"categories":[78,54],"tags":[],"class_list":["post-125426","post","type-post","status-publish","format-standard","hentry","category-economie","category-maroc"],"_links":{"self":[{"href":"https:\/\/linitiative.ca\/International\/wp-json\/wp\/v2\/posts\/125426","targetHints":{"allow":["GET"]}}],"collection":[{"href":"https:\/\/linitiative.ca\/International\/wp-json\/wp\/v2\/posts"}],"about":[{"href":"https:\/\/linitiative.ca\/International\/wp-json\/wp\/v2\/types\/post"}],"author":[{"embeddable":true,"href":"https:\/\/linitiative.ca\/International\/wp-json\/wp\/v2\/users\/1787"}],"replies":[{"embeddable":true,"href":"https:\/\/linitiative.ca\/International\/wp-json\/wp\/v2\/comments?post=125426"}],"version-history":[{"count":0,"href":"https:\/\/linitiative.ca\/International\/wp-json\/wp\/v2\/posts\/125426\/revisions"}],"wp:attachment":[{"href":"https:\/\/linitiative.ca\/International\/wp-json\/wp\/v2\/media?parent=125426"}],"wp:term":[{"taxonomy":"category","embeddable":true,"href":"https:\/\/linitiative.ca\/International\/wp-json\/wp\/v2\/categories?post=125426"},{"taxonomy":"post_tag","embeddable":true,"href":"https:\/\/linitiative.ca\/International\/wp-json\/wp\/v2\/tags?post=125426"}],"curies":[{"name":"wp","href":"https:\/\/api.w.org\/{rel}","templated":true}]}}