{"id":125430,"date":"2021-08-28T15:10:59","date_gmt":"2021-08-28T19:10:59","guid":{"rendered":"https:\/\/linitiative.ca\/International\/tunisie-le-courant-democratique-inquiet-du-comportement-de-kais-saied\/"},"modified":"2021-08-28T15:10:59","modified_gmt":"2021-08-28T19:10:59","slug":"tunisie-le-courant-democratique-inquiet-du-comportement-de-kais-saied","status":"publish","type":"post","link":"https:\/\/linitiative.ca\/International\/tunisie-le-courant-democratique-inquiet-du-comportement-de-kais-saied\/","title":{"rendered":"Tunisie \u2013 Le courant d\u00e9mocratique inquiet du comportement de Ka\u00efs Sa\u00efed"},"content":{"rendered":"<div>\n<p>Le parti du courant d\u00e9mocratique a \u00e9mis, dans un communiqu\u00e9, ses craintes \u00e0 propos du regroupement de tous les pouvoirs par le pr\u00e9sident de la R\u00e9publique, et ce qui s\u2019en est suivi comme violations des droits et des libert\u00e9s. Surtout que ces d\u00e9cisions n\u2019ont pas \u00e9t\u00e9 assorties d\u2019un calendrier en limitant la dur\u00e9e. Le parti [\u2026]<\/p>\n<p>L\u2019article <a href=\"https:\/\/www.tunisienumerique.com\/tunisie-le-courant-democratique-inquiet-du-comportement-de-kais-saied\/\">Tunisie \u2013 Le courant d\u00e9mocratique inquiet du comportement de Ka\u00efs Sa\u00efed<\/a> est apparu en premier sur <a href=\"https:\/\/www.tunisienumerique.com\/\">Tunisie<\/a>.<\/p>\n<\/div>\n<p>Auteur: LM<br \/>\n<a href=\"https:\/\/www.tunisienumerique.com\/tunisie-le-courant-democratique-inquiet-du-comportement-de-kais-saied\/\">Cliquez ici pour lire l&rsquo;article depuis sa source.<\/a><\/p>\n","protected":false},"excerpt":{"rendered":"<p>Le parti du courant d\u00e9mocratique a \u00e9mis, dans un communiqu\u00e9, ses craintes \u00e0 propos du regroupement de tous les pouvoirs par le pr\u00e9sident de la R\u00e9publique, et ce qui s\u2019en est suivi comme violations des droits et des libert\u00e9s. Surtout que ces d\u00e9cisions n\u2019ont pas \u00e9t\u00e9 assorties d\u2019un calendrier en limitant la dur\u00e9e. Le parti [&hellip;]<\/p>\n","protected":false},"author":1789,"featured_media":0,"comment_status":"closed","ping_status":"closed","sticky":false,"template":"","format":"standard","meta":{"fifu_image_url":"","fifu_image_alt":"","footnotes":""},"categories":[73,55],"tags":[],"class_list":["post-125430","post","type-post","status-publish","format-standard","hentry","category-actualite","category-tunisie"],"_links":{"self":[{"href":"https:\/\/linitiative.ca\/International\/wp-json\/wp\/v2\/posts\/125430","targetHints":{"allow":["GET"]}}],"collection":[{"href":"https:\/\/linitiative.ca\/International\/wp-json\/wp\/v2\/posts"}],"about":[{"href":"https:\/\/linitiative.ca\/International\/wp-json\/wp\/v2\/types\/post"}],"author":[{"embeddable":true,"href":"https:\/\/linitiative.ca\/International\/wp-json\/wp\/v2\/users\/1789"}],"replies":[{"embeddable":true,"href":"https:\/\/linitiative.ca\/International\/wp-json\/wp\/v2\/comments?post=125430"}],"version-history":[{"count":0,"href":"https:\/\/linitiative.ca\/International\/wp-json\/wp\/v2\/posts\/125430\/revisions"}],"wp:attachment":[{"href":"https:\/\/linitiative.ca\/International\/wp-json\/wp\/v2\/media?parent=125430"}],"wp:term":[{"taxonomy":"category","embeddable":true,"href":"https:\/\/linitiative.ca\/International\/wp-json\/wp\/v2\/categories?post=125430"},{"taxonomy":"post_tag","embeddable":true,"href":"https:\/\/linitiative.ca\/International\/wp-json\/wp\/v2\/tags?post=125430"}],"curies":[{"name":"wp","href":"https:\/\/api.w.org\/{rel}","templated":true}]}}