{"id":125431,"date":"2021-08-28T15:17:59","date_gmt":"2021-08-28T19:17:59","guid":{"rendered":"https:\/\/linitiative.ca\/International\/tunisie-moknine-arrestation-dun-terroriste-qui-operait-sur-les-frontieres-turco-syriennes\/"},"modified":"2021-08-28T15:17:59","modified_gmt":"2021-08-28T19:17:59","slug":"tunisie-moknine-arrestation-dun-terroriste-qui-operait-sur-les-frontieres-turco-syriennes","status":"publish","type":"post","link":"https:\/\/linitiative.ca\/International\/tunisie-moknine-arrestation-dun-terroriste-qui-operait-sur-les-frontieres-turco-syriennes\/","title":{"rendered":"Tunisie \u2013 Moknine\u00a0: Arrestation d\u2019un terroriste qui op\u00e9rait sur les fronti\u00e8res turco-syriennes"},"content":{"rendered":"<div>\n<p>Les agents du district de la s\u00fbret\u00e9 de Moknine ont r\u00e9ussi a appr\u00e9hender un individu qui \u00e9tait recherch\u00e9 pour des faits de terrorisme, et qui revenait de Turquie apr\u00e8s avoir op\u00e9r\u00e9 sur les fronti\u00e8res turco-syriennes, o\u00f9 il a \u00e9t\u00e9 embrigad\u00e9 par des \u00e9l\u00e9ments terroristes \u00e0 travers les r\u00e9seaux sociaux.<\/p>\n<p>L\u2019article <a href=\"https:\/\/www.tunisienumerique.com\/tunisie-moknine-arrestation-dun-terroriste-qui-operait-sur-les-frontieres-turco-syriennes\/\">Tunisie \u2013 Moknine\u00a0: Arrestation d\u2019un terroriste qui op\u00e9rait sur les fronti\u00e8res turco-syriennes<\/a> est apparu en premier sur <a href=\"https:\/\/www.tunisienumerique.com\/\">Tunisie<\/a>.<\/p>\n<\/div>\n<p>Auteur: LM<br \/>\n<a href=\"https:\/\/www.tunisienumerique.com\/tunisie-moknine-arrestation-dun-terroriste-qui-operait-sur-les-frontieres-turco-syriennes\/\">Cliquez ici pour lire l&rsquo;article depuis sa source.<\/a><\/p>\n","protected":false},"excerpt":{"rendered":"<p>Les agents du district de la s\u00fbret\u00e9 de Moknine ont r\u00e9ussi a appr\u00e9hender un individu qui \u00e9tait recherch\u00e9 pour des faits de terrorisme, et qui revenait de Turquie apr\u00e8s avoir op\u00e9r\u00e9 sur les fronti\u00e8res turco-syriennes, o\u00f9 il a \u00e9t\u00e9 embrigad\u00e9 par des \u00e9l\u00e9ments terroristes \u00e0 travers les r\u00e9seaux sociaux. L\u2019article Tunisie \u2013 Moknine\u00a0: Arrestation d\u2019un [&hellip;]<\/p>\n","protected":false},"author":1789,"featured_media":0,"comment_status":"closed","ping_status":"closed","sticky":false,"template":"","format":"standard","meta":{"fifu_image_url":"","fifu_image_alt":"","footnotes":""},"categories":[73,55],"tags":[],"class_list":["post-125431","post","type-post","status-publish","format-standard","hentry","category-actualite","category-tunisie"],"_links":{"self":[{"href":"https:\/\/linitiative.ca\/International\/wp-json\/wp\/v2\/posts\/125431","targetHints":{"allow":["GET"]}}],"collection":[{"href":"https:\/\/linitiative.ca\/International\/wp-json\/wp\/v2\/posts"}],"about":[{"href":"https:\/\/linitiative.ca\/International\/wp-json\/wp\/v2\/types\/post"}],"author":[{"embeddable":true,"href":"https:\/\/linitiative.ca\/International\/wp-json\/wp\/v2\/users\/1789"}],"replies":[{"embeddable":true,"href":"https:\/\/linitiative.ca\/International\/wp-json\/wp\/v2\/comments?post=125431"}],"version-history":[{"count":0,"href":"https:\/\/linitiative.ca\/International\/wp-json\/wp\/v2\/posts\/125431\/revisions"}],"wp:attachment":[{"href":"https:\/\/linitiative.ca\/International\/wp-json\/wp\/v2\/media?parent=125431"}],"wp:term":[{"taxonomy":"category","embeddable":true,"href":"https:\/\/linitiative.ca\/International\/wp-json\/wp\/v2\/categories?post=125431"},{"taxonomy":"post_tag","embeddable":true,"href":"https:\/\/linitiative.ca\/International\/wp-json\/wp\/v2\/tags?post=125431"}],"curies":[{"name":"wp","href":"https:\/\/api.w.org\/{rel}","templated":true}]}}