{"id":125432,"date":"2021-08-28T16:06:58","date_gmt":"2021-08-28T20:06:58","guid":{"rendered":"https:\/\/linitiative.ca\/International\/qualifs-mondial-2022-debut-du-stage-de-lequipe-de-tunisie\/"},"modified":"2021-08-28T16:06:58","modified_gmt":"2021-08-28T20:06:58","slug":"qualifs-mondial-2022-debut-du-stage-de-lequipe-de-tunisie","status":"publish","type":"post","link":"https:\/\/linitiative.ca\/International\/qualifs-mondial-2022-debut-du-stage-de-lequipe-de-tunisie\/","title":{"rendered":"Qualifs Mondial 2022 : d\u00e9but du stage de l\u2019\u00e9quipe de Tunisie"},"content":{"rendered":"<div>\n<p>L\u2019\u00e9quipe nationale de football a d\u00e9but\u00e9 ce samedi son stage de pr\u00e9paration en pr\u00e9vision des qualifications de la Coupe du monde Qatar 2022. La s\u00e9ance d\u2019entra\u00eenement d\u2019aujoud\u2019hui a \u00e9t\u00e9 marqu\u00e9e par la pr\u00e9sence de neuf joueurs qui ont ont \u00e9t\u00e9 pr\u00e9sents cet apr\u00e8s midi au stade d\u2019El Menzah pour effectuer quelques exercices physiques. Farouk Ben [\u2026]<\/p>\n<p>L\u2019article <a href=\"https:\/\/sport.tunisienumerique.com\/qualifs-mondial-2022-debut-du-stage-de-lequipe-de-tunisie\/\">Qualifs Mondial 2022 : d\u00e9but du stage de l\u2019\u00e9quipe de Tunisie<\/a> est apparu en premier sur <a href=\"https:\/\/www.tunisienumerique.com\/\">Tunisie<\/a>.<\/p>\n<\/div>\n<p>Auteur:<br \/>\n<a href=\"https:\/\/sport.tunisienumerique.com\/qualifs-mondial-2022-debut-du-stage-de-lequipe-de-tunisie\/\">Cliquez ici pour lire l&rsquo;article depuis sa source.<\/a><\/p>\n","protected":false},"excerpt":{"rendered":"<p>L\u2019\u00e9quipe nationale de football a d\u00e9but\u00e9 ce samedi son stage de pr\u00e9paration en pr\u00e9vision des qualifications de la Coupe du monde Qatar 2022. La s\u00e9ance d\u2019entra\u00eenement d\u2019aujoud\u2019hui a \u00e9t\u00e9 marqu\u00e9e par la pr\u00e9sence de neuf joueurs qui ont ont \u00e9t\u00e9 pr\u00e9sents cet apr\u00e8s midi au stade d\u2019El Menzah pour effectuer quelques exercices physiques. Farouk Ben [&hellip;]<\/p>\n","protected":false},"author":1789,"featured_media":0,"comment_status":"closed","ping_status":"closed","sticky":false,"template":"","format":"standard","meta":{"fifu_image_url":"","fifu_image_alt":"","footnotes":""},"categories":[73,55],"tags":[],"class_list":["post-125432","post","type-post","status-publish","format-standard","hentry","category-actualite","category-tunisie"],"_links":{"self":[{"href":"https:\/\/linitiative.ca\/International\/wp-json\/wp\/v2\/posts\/125432","targetHints":{"allow":["GET"]}}],"collection":[{"href":"https:\/\/linitiative.ca\/International\/wp-json\/wp\/v2\/posts"}],"about":[{"href":"https:\/\/linitiative.ca\/International\/wp-json\/wp\/v2\/types\/post"}],"author":[{"embeddable":true,"href":"https:\/\/linitiative.ca\/International\/wp-json\/wp\/v2\/users\/1789"}],"replies":[{"embeddable":true,"href":"https:\/\/linitiative.ca\/International\/wp-json\/wp\/v2\/comments?post=125432"}],"version-history":[{"count":0,"href":"https:\/\/linitiative.ca\/International\/wp-json\/wp\/v2\/posts\/125432\/revisions"}],"wp:attachment":[{"href":"https:\/\/linitiative.ca\/International\/wp-json\/wp\/v2\/media?parent=125432"}],"wp:term":[{"taxonomy":"category","embeddable":true,"href":"https:\/\/linitiative.ca\/International\/wp-json\/wp\/v2\/categories?post=125432"},{"taxonomy":"post_tag","embeddable":true,"href":"https:\/\/linitiative.ca\/International\/wp-json\/wp\/v2\/tags?post=125432"}],"curies":[{"name":"wp","href":"https:\/\/api.w.org\/{rel}","templated":true}]}}