{"id":125433,"date":"2021-08-28T16:28:44","date_gmt":"2021-08-28T20:28:44","guid":{"rendered":"https:\/\/linitiative.ca\/International\/tunisie-quand-la-volonte-et-le-savoir-faire-de-larmee-se-heurte-a-linsouciance-et-lincompetence-du-ministere-de-la-sante\/"},"modified":"2021-08-28T16:28:44","modified_gmt":"2021-08-28T20:28:44","slug":"tunisie-quand-la-volonte-et-le-savoir-faire-de-larmee-se-heurte-a-linsouciance-et-lincompetence-du-ministere-de-la-sante","status":"publish","type":"post","link":"https:\/\/linitiative.ca\/International\/tunisie-quand-la-volonte-et-le-savoir-faire-de-larmee-se-heurte-a-linsouciance-et-lincompetence-du-ministere-de-la-sante\/","title":{"rendered":"Tunisie \u2013 Quand la volont\u00e9 et le savoir faire de l\u2019arm\u00e9e se heurte \u00e0 l\u2019insouciance et l\u2019incomp\u00e9tence du minist\u00e8re de la sant\u00e9"},"content":{"rendered":"<div>\n<p>Il est, vraiment, \u00e0 plaindre, le Dr Mustapha Ferjani, le directeur de la sant\u00e9 militaire, et l\u2019homme d\u00e9sign\u00e9 par le pr\u00e9sident Ka\u00efs Sa\u00efed, pour diriger la lutte contre le covid, et, notamment, la campagne de vaccination contre ce fl\u00e9au. Il est \u00e0 plaindre, parce que habitu\u00e9 comme il est \u00e0 la rigueur et la discipline [\u2026]<\/p>\n<p>L\u2019article <a href=\"https:\/\/www.tunisienumerique.com\/tunisie-quand-la-volonte-et-le-savoir-faire-de-larmee-se-heurte-a-linsouciance-et-lincompetence-du-ministere-de-la-sante\/\">Tunisie \u2013 Quand la volont\u00e9 et le savoir faire de l\u2019arm\u00e9e se heurte \u00e0 l\u2019insouciance et l\u2019incomp\u00e9tence du minist\u00e8re de la sant\u00e9<\/a> est apparu en premier sur <a href=\"https:\/\/www.tunisienumerique.com\/\">Tunisie<\/a>.<\/p>\n<\/div>\n<p>Auteur: Saber .<br \/>\n<a href=\"https:\/\/www.tunisienumerique.com\/tunisie-quand-la-volonte-et-le-savoir-faire-de-larmee-se-heurte-a-linsouciance-et-lincompetence-du-ministere-de-la-sante\/\">Cliquez ici pour lire l&rsquo;article depuis sa source.<\/a><\/p>\n","protected":false},"excerpt":{"rendered":"<p>Il est, vraiment, \u00e0 plaindre, le Dr Mustapha Ferjani, le directeur de la sant\u00e9 militaire, et l\u2019homme d\u00e9sign\u00e9 par le pr\u00e9sident Ka\u00efs Sa\u00efed, pour diriger la lutte contre le covid, et, notamment, la campagne de vaccination contre ce fl\u00e9au. Il est \u00e0 plaindre, parce que habitu\u00e9 comme il est \u00e0 la rigueur et la discipline [&hellip;]<\/p>\n","protected":false},"author":1789,"featured_media":0,"comment_status":"closed","ping_status":"closed","sticky":false,"template":"","format":"standard","meta":{"fifu_image_url":"","fifu_image_alt":"","footnotes":""},"categories":[73,55],"tags":[],"class_list":["post-125433","post","type-post","status-publish","format-standard","hentry","category-actualite","category-tunisie"],"_links":{"self":[{"href":"https:\/\/linitiative.ca\/International\/wp-json\/wp\/v2\/posts\/125433","targetHints":{"allow":["GET"]}}],"collection":[{"href":"https:\/\/linitiative.ca\/International\/wp-json\/wp\/v2\/posts"}],"about":[{"href":"https:\/\/linitiative.ca\/International\/wp-json\/wp\/v2\/types\/post"}],"author":[{"embeddable":true,"href":"https:\/\/linitiative.ca\/International\/wp-json\/wp\/v2\/users\/1789"}],"replies":[{"embeddable":true,"href":"https:\/\/linitiative.ca\/International\/wp-json\/wp\/v2\/comments?post=125433"}],"version-history":[{"count":0,"href":"https:\/\/linitiative.ca\/International\/wp-json\/wp\/v2\/posts\/125433\/revisions"}],"wp:attachment":[{"href":"https:\/\/linitiative.ca\/International\/wp-json\/wp\/v2\/media?parent=125433"}],"wp:term":[{"taxonomy":"category","embeddable":true,"href":"https:\/\/linitiative.ca\/International\/wp-json\/wp\/v2\/categories?post=125433"},{"taxonomy":"post_tag","embeddable":true,"href":"https:\/\/linitiative.ca\/International\/wp-json\/wp\/v2\/tags?post=125433"}],"curies":[{"name":"wp","href":"https:\/\/api.w.org\/{rel}","templated":true}]}}