{"id":125437,"date":"2021-08-28T05:18:02","date_gmt":"2021-08-28T09:18:02","guid":{"rendered":"https:\/\/linitiative.ca\/International\/politique-sante-et-faits-divers-alimentent-la-presse-senegalaise\/"},"modified":"2021-08-28T05:18:02","modified_gmt":"2021-08-28T09:18:02","slug":"politique-sante-et-faits-divers-alimentent-la-presse-senegalaise","status":"publish","type":"post","link":"https:\/\/linitiative.ca\/International\/politique-sante-et-faits-divers-alimentent-la-presse-senegalaise\/","title":{"rendered":"Politique, sant\u00e9 et faits divers alimentent la presse s\u00e9n\u00e9galaise"},"content":{"rendered":"<div>\n<p><img loading=\"lazy\" decoding=\"async\" width=\"250\" height=\"200\" src=\"https:\/\/linitiative.ca\/International\/wp-content\/uploads\/sites\/23\/2021\/08\/16301422823998.jpg\" class=\"attachment-post-thumbnail size-post-thumbnail wp-post-image\" alt=\"\"><\/p>\n<p>Les quotidiens s\u00e9n\u00e9galais parvenus ce samedi \u00e0 APA accordent un traitement de faveur aux sujets politiques, \u00e0 la sant\u00e9 et aux faits de soci\u00e9t\u00e9.Dans sa rubrique \u00ab\u00a0Grand&rsquo;Place\u00a0\u00bb, EnQu\u00eate donne la parole au professeur Mary Teuw Niane, ancien ministre de l&rsquo;Enseignement sup\u00e9rieur et candidat \u00e0 la mairie de Saint-Louis. \u00ab\u00a0Je n&rsquo;exclus aucune alliance. Ce n&rsquo;est plus le pr\u00e9sident de d\u00e9signer qui doit \u00eatre maire de Saint-Louis\u00a0\u00bb, dit le professeur Niane.<\/p>\n<p>A propos de la caution pour les \u00e9lections territoriales du 23 janvier 2022 fix\u00e9e \u00e0 15 millions f cfa, ce \u00ab\u00a0n&rsquo;est pas de nature \u00e0 aider la majorit\u00e9 pr\u00e9sidentielle\u00a0\u00bb.<\/p>\n<p>Le Mandat parle de la hausse des denr\u00e9es de premi\u00e8re n\u00e9cessit\u00e9 et renseigne que \u00ab\u00a0le Grand Parti de Malick Gakou tape du poing sur la table\u00a0\u00bb.<\/p>\n<p>Cela fait dire \u00e0 24 Heures que \u00ab\u00a0Malick Gakou foudroie Macky\u00a0\u00bb \u00e0 cause des inondations et de la chert\u00e9 de la vie.<\/p>\n<p>A la Une de Walf Quotidien, Abdoul Mbaye, ancien Premier ministre et pr\u00e9sident du parti ACT avertit \u00e0 propos des \u00e9lections territoriales: \u00ab\u00a0L&rsquo;opposition perdra si&#8230;\u00a0\u00bb<\/p>\n<p>Dans le m\u00eame journal, D\u00e9thi\u00e9 Faye, Coordonnateur du p\u00f4le des non-align\u00e9s estime que \u00ab\u00a0la coalition PDS-Pastef-Taxawu n&rsquo;augure rien de bon\u00a0\u00bb.<\/p>\n<p>Sud Quotidien reste sur la gestation de cette coalition \u00a0Pastef-Pds-Taxawu Senegal-Pur et fait \u00e9tat d&rsquo;un \u00ab\u00a0avis de temp\u00eate sur le Macky\u00a0\u00bb. Selon nos confr\u00e8res, cette \u00ab\u00a0alliance contre nature (est) prometteuse pour les locales\u00a0\u00bb.<\/p>\n<p>Le Soleil traite du sommet \u00ab\u00a0Compact avec l&rsquo;Afrique\u00a0\u00bb du G20 tenu hier en Allemagne et informe que pour les pays africains confront\u00e9s \u00e0 la Covid-19, \u00ab\u00a0Macky Sall et Paul Kagam\u00e9 plaident\u00a0\u00bb.<\/p>\n<p>\u00ab\u00a0Audience avec le DG de BioNTech: Macky, le G20 et la production de vaccins (antipaludiques et antituberculeux) au S\u00e9n\u00e9gal\u00a0\u00bb, rapporte L&rsquo;Observateur, \u00e0 c\u00f4t\u00e9 de Vox Populi qui pr\u00e9cise que \u00ab\u00a0BioNTech veut produire des vaccins ARNm au S\u00e9n\u00e9gal contre le palu et la tuberculose\u00a0\u00bb.<\/p>\n<p>De son c\u00f4t\u00e9, Les \u00c9chos s&rsquo; int\u00e9resse \u00e0 r\u00e9allocation des Droits de tirage sp\u00e9ciaux du FMI et note que \u00ab\u00a0Macky Sall perfuse le secteur de la sant\u00e9\u00a0\u00bb. Le journal pr\u00e9cise que la production de vaccins, la mise \u00e0 niveau des h\u00f4pitaux et la riposte sanitaire dont prioris\u00e9es.<\/p>\n<p>\u00ab\u00a0Allocation des Droits de tirage sp\u00e9ciaux-Macky Sall appelle \u00e0 investir dans la sant\u00e9\u00a0\u00bb, rench\u00e9rit EnQu\u00eate.<\/p>\n<p>Traitant de la r\u00e9forme de la gestion de l&rsquo;hydraulique rurale, Le Quotidien parle de \u00ab\u00a0l&rsquo;eau de d\u00e9solation\u00a0\u00bb des populations qui mettent \u00e0 nu les manquements des concessionnaires.<\/p>\n<p>Mais pour ce journal, Aquatech, Seoh et Flexeau accusent l&rsquo;Office des forages ruraux (Ofor) qui, de son c\u00f4t\u00e9, affirme qu&rsquo;il est tr\u00e8s t\u00f4t de parler d&rsquo;\u00e9chec.<\/p>\n<p>\u00ab\u00a0Dans l&rsquo;attente d&rsquo;\u00eatre indemnis\u00e9s depuis 4 ans-Les impact\u00e9s du TER (train express r\u00e9gional) r\u00e9clament 50 milliards \u00e0 l&rsquo;\u00c9tat\u00a0\u00bb, titre L&rsquo;As.<\/p>\n<p>Lib\u00e9ration consacre sa Une \u00e0 cette \u00ab\u00a0trag\u00e9die au large de Saint-Louis\u00a0\u00bb o\u00f9, une pirogue transportant 58 personnes qui voulaient se rendre en Espagne a chavir\u00e9, faisant 46 disparus et un corps rep\u00each\u00e9.<\/p>\n<p>\u00ab\u00a0Vol et chantage-Dieyna et compagnie en prison\u00a0\u00bb, informe L&rsquo;Observateur.<\/p>\n<p>Vox Populi revient sur la mort de l&rsquo;enfant S.B. Dia en novembre 2020 \u00e0 la cr\u00e8che la \u00ab\u00a0Cigogne Bleue\u00a0\u00bb et r\u00e9v\u00e8le que la Directrice et la nourrice sont plac\u00e9es sous mandat de d\u00e9p\u00f4t.<\/p>\n<p>Cet article <a rel=\"nofollow\" href=\"https:\/\/www.journalducameroun.com\/politique-sante-et-faits-divers-alimentent-la-presse-senegalaise\/\">Politique, sant\u00e9 et faits divers alimentent la presse s\u00e9n\u00e9galaise<\/a> est apparu en premier sur <a rel=\"nofollow\" href=\"https:\/\/www.journalducameroun.com\/\">Journal du Cameroun<\/a>.<\/p>\n<\/div>\n<p>Auteur: APA News<br \/>\n<a href=\"https:\/\/www.journalducameroun.com\/politique-sante-et-faits-divers-alimentent-la-presse-senegalaise\/\">Cliquez ici pour lire l&rsquo;article depuis sa source.<\/a><\/p>\n","protected":false},"excerpt":{"rendered":"<p>Les quotidiens s\u00e9n\u00e9galais parvenus ce samedi \u00e0 APA accordent un traitement de faveur aux sujets politiques, \u00e0 la sant\u00e9 et aux faits de soci\u00e9t\u00e9.Dans sa rubrique \u00ab\u00a0Grand&rsquo;Place\u00a0\u00bb, EnQu\u00eate donne la parole au professeur Mary Teuw Niane, ancien ministre de l&rsquo;Enseignement sup\u00e9rieur et candidat \u00e0 la mairie de Saint-Louis. \u00ab\u00a0Je n&rsquo;exclus aucune alliance. Ce n&rsquo;est plus [&hellip;]<\/p>\n","protected":false},"author":1965,"featured_media":0,"comment_status":"closed","ping_status":"closed","sticky":false,"template":"","format":"standard","meta":{"fifu_image_url":"https:\/\/www.journalducameroun.com\/wp-content\/uploads\/2021\/08\/16301422823998.jpg","fifu_image_alt":"Politique, sant\u00e9 et faits divers alimentent la presse s\u00e9n\u00e9galaise","footnotes":""},"categories":[73,82],"tags":[],"class_list":["post-125437","post","type-post","status-publish","format-standard","hentry","category-actualite","category-cameroun"],"_links":{"self":[{"href":"https:\/\/linitiative.ca\/International\/wp-json\/wp\/v2\/posts\/125437","targetHints":{"allow":["GET"]}}],"collection":[{"href":"https:\/\/linitiative.ca\/International\/wp-json\/wp\/v2\/posts"}],"about":[{"href":"https:\/\/linitiative.ca\/International\/wp-json\/wp\/v2\/types\/post"}],"author":[{"embeddable":true,"href":"https:\/\/linitiative.ca\/International\/wp-json\/wp\/v2\/users\/1965"}],"replies":[{"embeddable":true,"href":"https:\/\/linitiative.ca\/International\/wp-json\/wp\/v2\/comments?post=125437"}],"version-history":[{"count":0,"href":"https:\/\/linitiative.ca\/International\/wp-json\/wp\/v2\/posts\/125437\/revisions"}],"wp:attachment":[{"href":"https:\/\/linitiative.ca\/International\/wp-json\/wp\/v2\/media?parent=125437"}],"wp:term":[{"taxonomy":"category","embeddable":true,"href":"https:\/\/linitiative.ca\/International\/wp-json\/wp\/v2\/categories?post=125437"},{"taxonomy":"post_tag","embeddable":true,"href":"https:\/\/linitiative.ca\/International\/wp-json\/wp\/v2\/tags?post=125437"}],"curies":[{"name":"wp","href":"https:\/\/api.w.org\/{rel}","templated":true}]}}