{"id":125439,"date":"2021-08-28T17:18:01","date_gmt":"2021-08-28T21:18:01","guid":{"rendered":"https:\/\/linitiative.ca\/International\/gbagbo-denonce-lextremisme-politique-chez-des-partisans\/"},"modified":"2021-08-28T17:18:01","modified_gmt":"2021-08-28T21:18:01","slug":"gbagbo-denonce-lextremisme-politique-chez-des-partisans","status":"publish","type":"post","link":"https:\/\/linitiative.ca\/International\/gbagbo-denonce-lextremisme-politique-chez-des-partisans\/","title":{"rendered":"Gbagbo d\u00e9nonce l\u2019extr\u00e9misme politique chez des partisans"},"content":{"rendered":"<div>\n<p><img loading=\"lazy\" decoding=\"async\" width=\"720\" height=\"480\" src=\"https:\/\/linitiative.ca\/International\/wp-content\/uploads\/sites\/23\/2021\/08\/16301854828066.jpg\" class=\"attachment-post-thumbnail size-post-thumbnail wp-post-image\" alt=\"\" srcset=\"https:\/\/linitiative.ca\/International\/wp-content\/uploads\/sites\/23\/2021\/08\/16301854828066.jpg 720w, https:\/\/www.journalducameroun.com\/wp-content\/uploads\/2021\/08\/16301854828066-300x200.jpg 300w, https:\/\/www.journalducameroun.com\/wp-content\/uploads\/2021\/08\/16301854828066-660x440.jpg 660w, https:\/\/www.journalducameroun.com\/wp-content\/uploads\/2021\/08\/16301854828066-600x400.jpg 600w\" sizes=\"auto, (max-width: 720px) 100vw, 720px\"><\/p>\n<p>L&rsquo;ex-pr\u00e9sident ivoirien, Laurent Gbagbo, a d\u00e9nonc\u00e9 samedi l&rsquo;extr\u00e9misme politique chez des partisans, lors d&rsquo;une rencontre avec des chefs W\u00ea et des populations de la R\u00e9gion du Gu\u00e9mon et du Cavally, \u00e0 Mama, son village natal, dans l&rsquo;Ouest du pays.<\/p>\n<p>\u00ab\u00a0Il y a des fois o\u00f9 on est l\u00e0 et puis dans nos r\u00e9gions, certains sont devenus extr\u00e9mistes. On dit ah non, celui-l\u00e0 il est FPI (opposition) ou il est Pdci, il est trop grave, or nos parents sont les m\u00eames, nos coutumes sont les m\u00eames\u00a0\u00bb, a d\u00e9clar\u00e9 M. Gbagbo dans un discours.\u00a0<\/p>\n<p>L&rsquo;ancien pr\u00e9sident ivoirien a salu\u00e9 ses amis, venus le soutenir, surtout ceux du Parti d\u00e9mocratique de C\u00f4te d&rsquo;Ivoire (Pdci, opposition), leur demandant de dire \u00ab\u00a0des merci au pr\u00e9sident B\u00e9di\u00e9\u00a0\u00bb, chef du Pdci. \u00a0<\/p>\n<p>Pour M. Gbagbo, \u00ab\u00a0on peut m\u00eame s&rsquo;asseoir et puis discuter, aller au palmier ensemble, mais ici quand tu vas inviter quelqu&rsquo;un qui est du Pdci pour t&rsquo;accompagner au palmier, il va croire que tu vas l&#8217;empoisonner, or c&rsquo;est autour du bandji (jus du palmier) que vous pouvez discuter de vos diff\u00e9rends et les r\u00e9gler\u00a0\u00bb.<\/p>\n<p>\u00ab\u00a0Dans nos contr\u00e9es, ici, on n&rsquo;est pas comme \u00e7a. Donc, je vous remercie d&rsquo;\u00eatre venus, je remercie aussi tous les W\u00ea, tous mes fr\u00e8res, tous mes camarades qui sont venus, tous les B\u00e9t\u00e9 qui sont venus pour m&rsquo;aider \u00e0 accueillir mes \u00e9trangers\u00a0\u00bb, a-t-il ajout\u00e9.<\/p>\n<p>M. Gbagbo s&rsquo;est dit \u00ab\u00a0heureux\u00a0\u00bb de recevoir, \u00e0 Mama, son village natal les populations W\u00ea et certains de leurs chefs coutumiers, qui a cette occasion, lui ont fait un \u00ab\u00a0rituel de purification\u00a0\u00bb apr\u00e8s son acquittement par la Cour p\u00e9nale internationale (CPI), le 31 mars 2021.\u00a0<\/p>\n<p>Il \u00e9tait \u00e0 la prison de shewingen, durant dix ans, pour des chefs d&rsquo;accusation de crimes contre l&rsquo;humanit\u00e9 perp\u00e9tr\u00e9s lors de la crise post-\u00e9lectorale ivoirienne de 2010-2011, qui a fait plus de 3.000 morts.\u00a0<\/p>\n<p>L&rsquo;ancien pr\u00e9sident, recevant les populations W\u00ea, a dit qu&rsquo;ils sont des \u00ab\u00a0martyrs\u00a0\u00bb de ces violences post-\u00e9lectorales. Historien de formation, il a exhort\u00e9 les intellectuels \u00e0 \u00e9tudier cette crise et \u00e0 expliquer les causes profondes de cette crise.<\/p>\n<p>\u00ab\u00a0Les solutions sont encore devant, il faut qu&rsquo;on les cherche et on les retrouve. Un \u00eatre humain qu&rsquo;on tue, on doit dire pourquoi on l&rsquo;a tu\u00e9\u00a0\u00bb, a-t-il dit, avant de s&rsquo;interroger \u00ab\u00a0pourquoi, pour un poste, je vais tuer. Ce pourquoi on doit trouver une explication\u00a0\u00bb.<\/p>\n<p>\u00ab\u00a0J&rsquo;appelle tout le monde \u00e0 prendre son sang froid, \u00e0 s&rsquo;asseoir et \u00e0 r\u00e9fl\u00e9chir\u00a0\u00bb, a-t-il lanc\u00e9, avouant qu&rsquo;un moment, il s&rsquo;\u00e9tait dit quand \u00ab\u00a0les W\u00ea ont beaucoup de for\u00eats et les gens veulent les attaquer et prendre leurs for\u00eats; si c&rsquo;est \u00e7a, je continue de r\u00e9fl\u00e9chir\u00a0\u00bb.<\/p>\n<p>Le peuple, soutiendra-t-il, a \u00ab\u00a0pay\u00e9 un grand prix\u00a0\u00bb dans les crises socio-politiques et il faut rechercher la fin du cycle des morts. Et pour ce faire, \u00ab\u00a0il faut abandonner l&rsquo;id\u00e9e de co\u00fbte que co\u00fbte (occuper un poste \u00e9lectif et surtout la magistrature supr\u00eame)\u00a0\u00bb. \u00a0<\/p>\n<p>Il a promis arriver dans les r\u00e9gions du Gu\u00e9mon et du Cavally, et faire des tours dans les d\u00e9partements pour, surtout, \u00e9couter les populations relativement aux diff\u00e9rentes crises socio-politiques qu&rsquo;a connues le pays.<\/p>\n<p>La d\u00e9l\u00e9gation du Pdci \u00e9tait conduite par M. D\u00e9sir\u00e9 Gnonkont\u00e9 qui avait \u00e0 ses c\u00f4t\u00e9s M. Simon Doh, pr\u00e9sident du groupe parlementaire de cette formation politique et de Denis Kah Zion, patron d&rsquo;un groupe de presse proche du parti.\u00a0<\/p>\n<p>A cette rencontre, \u00e9tait \u00e9galement pr\u00e9sent \u00c9ric Kah\u00e9, ancien ministre du Commerce sous l&rsquo;\u00e8re Laurent Gbagbo, un fils de Du\u00e9kou\u00e9 (Ouest). Lors des violences post-\u00e9lectorales de 2010-2011, la ville de Du\u00e9kou\u00e9 a enregistr\u00e9 des centaines de morts.\u00a0<\/p>\n<p>Rentr\u00e9 en C\u00f4te d&rsquo;Ivoire, le 17 juin 2021, l&rsquo;ancien pr\u00e9sident ivoirien Laurent Gbagbo multiplie des rencontres avec diff\u00e9rentes couches sociales pour pr\u00f4ner la coh\u00e9sion sociale. Il a d\u00e9j\u00e0 rencontr\u00e9 l&rsquo;ex-pr\u00e9sident Henri Konan B\u00e9di\u00e9 et l&rsquo;actuel chef d&rsquo;Etat, Alassane Ouattara.\u00a0<\/p>\n<p>Cet article <a rel=\"nofollow\" href=\"https:\/\/www.journalducameroun.com\/gbagbo-denonce-lextremisme-politique-chez-des-partisans\/\">Gbagbo d\u00e9nonce l\u2019extr\u00e9misme politique chez des partisans<\/a> est apparu en premier sur <a rel=\"nofollow\" href=\"https:\/\/www.journalducameroun.com\/\">Journal du Cameroun<\/a>.<\/p>\n<\/div>\n<p>Auteur: APA News<br \/>\n<a href=\"https:\/\/www.journalducameroun.com\/gbagbo-denonce-lextremisme-politique-chez-des-partisans\/\">Cliquez ici pour lire l&rsquo;article depuis sa source.<\/a><\/p>\n","protected":false},"excerpt":{"rendered":"<p>L&rsquo;ex-pr\u00e9sident ivoirien, Laurent Gbagbo, a d\u00e9nonc\u00e9 samedi l&rsquo;extr\u00e9misme politique chez des partisans, lors d&rsquo;une rencontre avec des chefs W\u00ea et des populations de la R\u00e9gion du Gu\u00e9mon et du Cavally, \u00e0 Mama, son village natal, dans l&rsquo;Ouest du pays. \u00ab\u00a0Il y a des fois o\u00f9 on est l\u00e0 et puis dans nos r\u00e9gions, certains sont [&hellip;]<\/p>\n","protected":false},"author":1965,"featured_media":0,"comment_status":"closed","ping_status":"closed","sticky":false,"template":"","format":"standard","meta":{"fifu_image_url":"https:\/\/www.journalducameroun.com\/wp-content\/uploads\/2021\/08\/16301854828066.jpg","fifu_image_alt":"Gbagbo d\u00e9nonce l\u2019extr\u00e9misme politique chez des partisans","footnotes":""},"categories":[73,82],"tags":[],"class_list":["post-125439","post","type-post","status-publish","format-standard","hentry","category-actualite","category-cameroun"],"_links":{"self":[{"href":"https:\/\/linitiative.ca\/International\/wp-json\/wp\/v2\/posts\/125439","targetHints":{"allow":["GET"]}}],"collection":[{"href":"https:\/\/linitiative.ca\/International\/wp-json\/wp\/v2\/posts"}],"about":[{"href":"https:\/\/linitiative.ca\/International\/wp-json\/wp\/v2\/types\/post"}],"author":[{"embeddable":true,"href":"https:\/\/linitiative.ca\/International\/wp-json\/wp\/v2\/users\/1965"}],"replies":[{"embeddable":true,"href":"https:\/\/linitiative.ca\/International\/wp-json\/wp\/v2\/comments?post=125439"}],"version-history":[{"count":0,"href":"https:\/\/linitiative.ca\/International\/wp-json\/wp\/v2\/posts\/125439\/revisions"}],"wp:attachment":[{"href":"https:\/\/linitiative.ca\/International\/wp-json\/wp\/v2\/media?parent=125439"}],"wp:term":[{"taxonomy":"category","embeddable":true,"href":"https:\/\/linitiative.ca\/International\/wp-json\/wp\/v2\/categories?post=125439"},{"taxonomy":"post_tag","embeddable":true,"href":"https:\/\/linitiative.ca\/International\/wp-json\/wp\/v2\/tags?post=125439"}],"curies":[{"name":"wp","href":"https:\/\/api.w.org\/{rel}","templated":true}]}}