{"id":125441,"date":"2021-08-28T17:18:02","date_gmt":"2021-08-28T21:18:02","guid":{"rendered":"https:\/\/linitiative.ca\/International\/cote-divoire-lancement-de-la-construction-de-10-agoras\/"},"modified":"2021-08-28T17:18:02","modified_gmt":"2021-08-28T21:18:02","slug":"cote-divoire-lancement-de-la-construction-de-10-agoras","status":"publish","type":"post","link":"https:\/\/linitiative.ca\/International\/cote-divoire-lancement-de-la-construction-de-10-agoras\/","title":{"rendered":"C\u00f4te d\u2019Ivoire: lancement de la construction de 10 Agoras"},"content":{"rendered":"<div>\n<p><img loading=\"lazy\" decoding=\"async\" width=\"800\" height=\"533\" src=\"https:\/\/linitiative.ca\/International\/wp-content\/uploads\/sites\/23\/2021\/08\/16301854824344.jpg\" class=\"attachment-post-thumbnail size-post-thumbnail wp-post-image\" alt=\"\" srcset=\"https:\/\/linitiative.ca\/International\/wp-content\/uploads\/sites\/23\/2021\/08\/16301854824344.jpg 800w, https:\/\/www.journalducameroun.com\/wp-content\/uploads\/2021\/08\/16301854824344-300x200.jpg 300w, https:\/\/www.journalducameroun.com\/wp-content\/uploads\/2021\/08\/16301854824344-768x512.jpg 768w, https:\/\/www.journalducameroun.com\/wp-content\/uploads\/2021\/08\/16301854824344-660x440.jpg 660w, https:\/\/www.journalducameroun.com\/wp-content\/uploads\/2021\/08\/16301854824344-600x400.jpg 600w\" sizes=\"auto, (max-width: 800px) 100vw, 800px\"><\/p>\n<p>Les travaux de construction de 10 Agoras en C\u00f4te d&rsquo;Ivoire ont \u00e9t\u00e9 lanc\u00e9s officiellement vendredi \u00e0 Abidjan, lors d&rsquo;une c\u00e9r\u00e9monie de pose de la premi\u00e8re pierre au Lyc\u00e9e technique de Yopougon, dans l&rsquo;ouest de la capitale \u00e9conomique ivoirienne.<\/p>\n<p>Le lancement de ce programme s&rsquo;est tenu en pr\u00e9sence de M. Paulin Claude Danho, ministre ivoirien de la Promotion des Sports et du d\u00e9veloppement de l&rsquo;\u00e9conomie sportive, et de M. Koffi Nguessan, le ministre de l&rsquo;Enseignement technique, de la formation professionnelle et de l&rsquo;apprentissage. \u00a0<\/p>\n<p>A cette c\u00e9r\u00e9monie qui marque le d\u00e9but de la construction de ces dix prochaines infrastructures socio-sportives en C\u00f4te d&rsquo;Ivoire, ont \u00e9galement pris part le premier adjoint au maire de Yopougon, le repr\u00e9sentant de l&rsquo;ambassadeur de France et M. R\u00e9gis Charpentier, pr\u00e9sident de Winwin Afrique, \u00ab\u00a0promoteur\u00a0\u00bb de ce projet.\u00a0<\/p>\n<p>Ce programme sera r\u00e9alis\u00e9 dans \u00e0 Abidjan et dans des communes de l&rsquo;int\u00e9rieur du pays. Sa concr\u00e9tisation a eu lieu en juillet 2019 par l&rsquo;inauguration de l&rsquo;Agora de Koumassi, en pr\u00e9sence de Emmanuel Macron.\u00a0<\/p>\n<p>Dans ces Agoras, seront construites des infrastructures sportives, culturelles et un \u00e9cosyst\u00e8me social. Ces lieux seront \u00e9galement un espace de formation des jeunes sur des th\u00e9matiques li\u00e9es \u00e0 l&rsquo;enjeu du d\u00e9veloppement durable.\u00a0<\/p>\n<p>M. Paulin Danho a d&rsquo;ailleurs annonc\u00e9, d\u00e8s le mois prochain, la r\u00e9novation, l&rsquo;\u00e9quipement et la construction des infrastructures sportives de proximit\u00e9 sur le plan national pour une valeur de 45 milliards Fcfa.\u00a0<\/p>\n<p>La C\u00f4te d&rsquo;Ivoire qui abrite la Coupe d&rsquo;Afrique des nations (CAN) de football, en 2023, a engag\u00e9 plus de 350 milliards de Fcfa pour la construction et la r\u00e9habilitation d&rsquo;infrastructures sportives devant accueillir cette grande messe sportive.\u00a0<\/p>\n<p>Le pr\u00e9sident de Winwin Afrique, M. Charpentier, a indiqu\u00e9 que ces Agoras accueilleront des \u00a0boutiques d&rsquo;associations et des ONG. ?N\u00e9anmoins dans chaque commune, les am\u00e9nagements seront adapt\u00e9s selon les attentes des populations.\u00a0<\/p>\n<p>Le ministre de l&rsquo;Enseignement technique, de la formation professionnelle et de l&rsquo;apprentissage Koffi Nguessan, a pr\u00e9cis\u00e9 que cet Agora est destin\u00e9 aux \u00e9l\u00e8ves du lyc\u00e9e technique de Yopougon et \u00e0 l&rsquo;ensemble des populations. Il a r\u00e9v\u00e9l\u00e9 avoir sollicit\u00e9 la construction de cet Agora dans ce lyc\u00e9e.\u00a0<\/p>\n<p>Cette pose de premi\u00e8re pierre des Agora intervient apr\u00e8s le succ\u00e8s de l&rsquo;ouverture au public du d\u00e9monstrateur dans la commune de Koumassi (Sud Abidjan). Cinq seront construites dans des communes d&rsquo;Abidjan (Port-Bou\u00ebt, Yopougon, Abobo, Attecoub\u00e9) et cinq autres dans les communes de B\u00e9oumi, M&rsquo;Batto, Boundiali, \u00a0Touba, Dimbokro et Guiglo.\u00a0<\/p>\n<p>Les chantiers des dix sites commenceront simultan\u00e9ment afin de pouvoir livrer ces infrastructures d\u00e9but 2023. Pour mener \u00e0 bien ce projet, la soci\u00e9t\u00e9 Winwin Afrique s&rsquo;est associ\u00e9e avec la Soci\u00e9t\u00e9 Alamo pour les \u00e9tudes et la construction des infrastructures.\u00a0<\/p>\n<p>Cet \u00e9v\u00e9nement illustre la volont\u00e9 du gouvernement ivoirien d&rsquo;offrir aux citoyens des infrastructures sportives de proximit\u00e9 avec pour objectif le d\u00e9ploiement du programme et la construction \u00e0 terme, de 91 Agoras \u00e0 travers le pays.<\/p>\n<p>Le programme \u201cAGORA\u201d s&rsquo;inscrit dans le cadre g\u00e9n\u00e9ral de la Politique Nationale du Sport de la C\u00f4te d&rsquo;Ivoire et du PAPMAS (le Programme d&rsquo;Appui \u00e0 la Promotion du Sport pour Tous et du Sport de Masse).\u00a0<\/p>\n<p>Cet article <a rel=\"nofollow\" href=\"https:\/\/www.journalducameroun.com\/cote-divoire-lancement-de-la-construction-de-10-agoras\/\">C\u00f4te d\u2019Ivoire: lancement de la construction de 10 Agoras<\/a> est apparu en premier sur <a rel=\"nofollow\" href=\"https:\/\/www.journalducameroun.com\/\">Journal du Cameroun<\/a>.<\/p>\n<\/div>\n<p>Auteur: APA News<br \/>\n<a href=\"https:\/\/www.journalducameroun.com\/cote-divoire-lancement-de-la-construction-de-10-agoras\/\">Cliquez ici pour lire l&rsquo;article depuis sa source.<\/a><\/p>\n","protected":false},"excerpt":{"rendered":"<p>Les travaux de construction de 10 Agoras en C\u00f4te d&rsquo;Ivoire ont \u00e9t\u00e9 lanc\u00e9s officiellement vendredi \u00e0 Abidjan, lors d&rsquo;une c\u00e9r\u00e9monie de pose de la premi\u00e8re pierre au Lyc\u00e9e technique de Yopougon, dans l&rsquo;ouest de la capitale \u00e9conomique ivoirienne. Le lancement de ce programme s&rsquo;est tenu en pr\u00e9sence de M. Paulin Claude Danho, ministre ivoirien de [&hellip;]<\/p>\n","protected":false},"author":1965,"featured_media":0,"comment_status":"closed","ping_status":"closed","sticky":false,"template":"","format":"standard","meta":{"fifu_image_url":"https:\/\/www.journalducameroun.com\/wp-content\/uploads\/2021\/08\/16301854824344.jpg","fifu_image_alt":"C\u00f4te d\u2019Ivoire: lancement de la construction de 10 Agoras","footnotes":""},"categories":[73,82],"tags":[],"class_list":["post-125441","post","type-post","status-publish","format-standard","hentry","category-actualite","category-cameroun"],"_links":{"self":[{"href":"https:\/\/linitiative.ca\/International\/wp-json\/wp\/v2\/posts\/125441","targetHints":{"allow":["GET"]}}],"collection":[{"href":"https:\/\/linitiative.ca\/International\/wp-json\/wp\/v2\/posts"}],"about":[{"href":"https:\/\/linitiative.ca\/International\/wp-json\/wp\/v2\/types\/post"}],"author":[{"embeddable":true,"href":"https:\/\/linitiative.ca\/International\/wp-json\/wp\/v2\/users\/1965"}],"replies":[{"embeddable":true,"href":"https:\/\/linitiative.ca\/International\/wp-json\/wp\/v2\/comments?post=125441"}],"version-history":[{"count":0,"href":"https:\/\/linitiative.ca\/International\/wp-json\/wp\/v2\/posts\/125441\/revisions"}],"wp:attachment":[{"href":"https:\/\/linitiative.ca\/International\/wp-json\/wp\/v2\/media?parent=125441"}],"wp:term":[{"taxonomy":"category","embeddable":true,"href":"https:\/\/linitiative.ca\/International\/wp-json\/wp\/v2\/categories?post=125441"},{"taxonomy":"post_tag","embeddable":true,"href":"https:\/\/linitiative.ca\/International\/wp-json\/wp\/v2\/tags?post=125441"}],"curies":[{"name":"wp","href":"https:\/\/api.w.org\/{rel}","templated":true}]}}