{"id":125443,"date":"2021-08-28T13:07:32","date_gmt":"2021-08-28T17:07:32","guid":{"rendered":"https:\/\/linitiative.ca\/International\/entreprises-publiques-18-directeurs-generaux-traduit-devant-le-conseil-constitutionnel\/"},"modified":"2021-08-28T13:07:32","modified_gmt":"2021-08-28T17:07:32","slug":"entreprises-publiques-18-directeurs-generaux-traduit-devant-le-conseil-constitutionnel","status":"publish","type":"post","link":"https:\/\/linitiative.ca\/International\/entreprises-publiques-18-directeurs-generaux-traduit-devant-le-conseil-constitutionnel\/","title":{"rendered":"Entreprises publiques : 18 Directeurs g\u00e9n\u00e9raux traduit devant le Conseil constitutionnel"},"content":{"rendered":"<div>\n<p><strong><a href=\"https:\/\/ecomatin.net\/entreprises-et-etablissements-publics-voici-les-directeurs-generaux-les-mieux-payes-au-cameroun\/\">Yaou Aissatou, Camille Mouthe \u00e0 Bidias, Adolphe Moudiki<\/a><\/strong>. Respectivement Directeurs g\u00e9n\u00e9raux ou Administrateurs Directeurs g\u00e9n\u00e9raux de la SNI (Soci\u00e9t\u00e9 nationale d\u2019investissement), du Fonds National de l\u2019emploi (FNE), de la SNH (Soci\u00e9t\u00e9 nationale des hydrocarbures). Ces managers sont dans le collimateur de Denis \u00c9milien Atangana, le Pr\u00e9sident national du parti politique FDC (Front des d\u00e9mocrates camerounais), demandeur aupr\u00e8s du Conseil constitutionnel contre 18 Directeurs g\u00e9n\u00e9raux et adjoints des entreprises publiques, qui d\u2019apr\u00e8s sa requ\u00eate du 25 ao\u00fbt 2021, \u00abont expir\u00e9 leurs mandats de 9 ans selon la loi\u00bb.\u00a0Denis \u00c9milien Atangana invite pr\u00e9cis\u00e9ment du Conseil constitutionnel\u00a0\u00ab\u00e0 sommer le Pr\u00e9sident de la R\u00e9publique et les Conseils d\u2019administration de cong\u00e9dier 18 Directeurs G\u00e9n\u00e9raux et Adjoints des entreprises publiques ayant expir\u00e9 leurs mandats de 9 ans selon la loi\u00bb, mentionne la requ\u00eate.\u00a0Camille Mouthe \u00e0 Bidias, Adolphe\u00a0Moudiki, ou Yaou Aissatou enregistrent individuellement 31 ans, 28 ans et 18 ans de charges.<\/p>\n<p><strong>Lire aussi <\/strong>: <strong><a href=\"https:\/\/ecomatin.net\/secteur-public-18-directeurs-generaux-hors-la-loi\/\">Secteur public\u00a0: 18 directeurs g\u00e9n\u00e9raux hors la loi<\/a><\/strong><\/p>\n<p>L\u2019homme politique juge leur maintien en fonction ill\u00e9gal ainsi que leurs actes de gestion pris depuis l\u2019entr\u00e9e en vigueur de la Loi 2017\/011 du 12 juillet 2017 sur les \u00e9tablissements publics et notamment l\u2019article 70 alin\u00e9a 3 qui dispose que le mandat d\u2019un Directeur g\u00e9n\u00e9ral ou Adjoint \u00e0 la t\u00eate d\u2019une entit\u00e9 publique est de 3 ans renouvelable 2 fois. L\u2019article 70 alin\u00e9a 4 du m\u00eame texte dispose par ailleurs: \u00abDans tous les cas, les mandats cumul\u00e9s du directeur g\u00e9n\u00e9ral et du directeur g\u00e9n\u00e9ral adjoint ne peuvent exc\u00e9der neuf ans \u00bb. Elle pr\u00e9vient que les actes pris par ces deux dirigeants au-del\u00e0 de la dur\u00e9e l\u00e9gale de leur mandat \u00ab sont nuls et de nul effet\u00bb<\/p>\n<p>\u00abLe FDC invite le Conseil constitutionnel \u00e0 se saisir de ce dossier urgent afin de sommer le Pr\u00e9sident de la R\u00e9publique et les conseils d\u2019administration de ces soci\u00e9t\u00e9s publiques pour cong\u00e9dier ces responsables qui continuent \u00e0 exercer en marge de la loi en plombant ainsi les performances de ces 18 entreprises publiques\u00a0 \u00a0par des actes administratifs ill\u00e9gaux\u00bb, ajoute Denis \u00c9milien Atangana, \u00e0 son tour saisi ce 26 ao\u00fbt 2021 par le Chef de la Division des affaires juridiques du Conseil constitutionnel.\u00a0<\/p>\n<p><strong>Lire aussi<\/strong> : <strong><a href=\"https:\/\/ecomatin.net\/entreprises-et-etablissements-publics-voici-les-directeurs-generaux-les-mieux-payes-au-cameroun\/\">Entreprises et \u00e9tablissement publics\u00a0: voici les directeurs g\u00e9n\u00e9raux les mieux pay\u00e9s au Cameroun<\/a><\/strong><\/p>\n<p>Une notification de date d\u2019audience pr\u00e9vue ce 7 septembre 2021: \u00abj\u2019ai l\u2019honneur de porter \u00e0 votre connaissance que l\u2019audience relative \u00e0 votre requ\u00eate contre le maintien en fonction ill\u00e9gal de 18 Directeurs g\u00e9n\u00e9raux de soci\u00e9t\u00e9s publiques aura lieu le mardi 7 septembre 2021 \u00e0 11 heures dans la salle d\u2019audience du Conseil constitutionnel, sise au hall du palais des congr\u00e8s de Yaound\u00e9\u00bb, d\u00e9voile la notification. Au\u00a0moment o\u00f9 la date du proc\u00e8s est d\u00e9sormais connue, les observateurs s\u2019interrogent sur les chances de la demande. Notamment sur la recevabilit\u00e9 de la saisine tant dans le fond que sur la forme, mais surtout sur l\u2019interpr\u00e9tation de la Loi\u00a02017\/011 du 12 juillet 2017 sur les \u00e9tablissements publics. Ladite loi vaut-elle uniquement pour l\u2019avenir d\u00e8s son entr\u00e9e en vigueur ? Auquel cas la requ\u00eate du Pr\u00e9sident national du FDC sera simplement d\u00e9bout\u00e9. Malgr\u00e9 sa rigidit\u00e9, le principe juridique relatif \u00e0 la non-r\u00e9troactivit\u00e9 d\u2019une loi nouvelle sera in\u00e9vitablement en d\u00e9bat et contest\u00e9 par le requ\u00e9rant pour faire tomber les 18 Directeurs g\u00e9n\u00e9raux et adjoints.<\/p>\n<p><strong>Lire aussi<\/strong> : <strong><a href=\"https:\/\/ecomatin.net\/entreprises-publiques-le-dilemme-des-dg-dga-et-pca\/\">Entreprises publiques : le dilemme des DG\/DGA et PCA<\/a><\/strong><\/p>\n<p>L\u2019article <a rel=\"nofollow\" href=\"https:\/\/ecomatin.net\/entreprises-publiques-18-directeurs-generaux-traduit-t-devant-le-conseil-constitutionnel\/\">Entreprises publiques : 18 Directeurs g\u00e9n\u00e9raux traduit devant le Conseil constitutionnel<\/a> est apparu en premier sur <a rel=\"nofollow\" href=\"https:\/\/ecomatin.net\/\">EcoMatin<\/a>.<\/p>\n<\/div>\n<p>Auteur: Georges Semey<br \/>\n<a href=\"https:\/\/ecomatin.net\/entreprises-publiques-18-directeurs-generaux-traduit-t-devant-le-conseil-constitutionnel\/\">Cliquez ici pour lire l&rsquo;article depuis sa source.<\/a><\/p>\n","protected":false},"excerpt":{"rendered":"<p>Yaou Aissatou, Camille Mouthe \u00e0 Bidias, Adolphe Moudiki. Respectivement Directeurs g\u00e9n\u00e9raux ou Administrateurs Directeurs g\u00e9n\u00e9raux de la SNI (Soci\u00e9t\u00e9 nationale d\u2019investissement), du Fonds National de l\u2019emploi (FNE), de la SNH (Soci\u00e9t\u00e9 nationale des hydrocarbures). Ces managers sont dans le collimateur de Denis \u00c9milien Atangana, le Pr\u00e9sident national du parti politique FDC (Front des d\u00e9mocrates camerounais), [&hellip;]<\/p>\n","protected":false},"author":1969,"featured_media":0,"comment_status":"closed","ping_status":"closed","sticky":false,"template":"","format":"standard","meta":{"fifu_image_url":"","fifu_image_alt":"","footnotes":""},"categories":[82,78],"tags":[],"class_list":["post-125443","post","type-post","status-publish","format-standard","hentry","category-cameroun","category-economie"],"_links":{"self":[{"href":"https:\/\/linitiative.ca\/International\/wp-json\/wp\/v2\/posts\/125443","targetHints":{"allow":["GET"]}}],"collection":[{"href":"https:\/\/linitiative.ca\/International\/wp-json\/wp\/v2\/posts"}],"about":[{"href":"https:\/\/linitiative.ca\/International\/wp-json\/wp\/v2\/types\/post"}],"author":[{"embeddable":true,"href":"https:\/\/linitiative.ca\/International\/wp-json\/wp\/v2\/users\/1969"}],"replies":[{"embeddable":true,"href":"https:\/\/linitiative.ca\/International\/wp-json\/wp\/v2\/comments?post=125443"}],"version-history":[{"count":0,"href":"https:\/\/linitiative.ca\/International\/wp-json\/wp\/v2\/posts\/125443\/revisions"}],"wp:attachment":[{"href":"https:\/\/linitiative.ca\/International\/wp-json\/wp\/v2\/media?parent=125443"}],"wp:term":[{"taxonomy":"category","embeddable":true,"href":"https:\/\/linitiative.ca\/International\/wp-json\/wp\/v2\/categories?post=125443"},{"taxonomy":"post_tag","embeddable":true,"href":"https:\/\/linitiative.ca\/International\/wp-json\/wp\/v2\/tags?post=125443"}],"curies":[{"name":"wp","href":"https:\/\/api.w.org\/{rel}","templated":true}]}}