{"id":125445,"date":"2021-08-28T12:14:39","date_gmt":"2021-08-28T16:14:39","guid":{"rendered":"https:\/\/linitiative.ca\/International\/covid-19-maroc-la-situation-epidemiologique-au-28-aout-2021-a-16h00\/"},"modified":"2021-08-28T12:14:39","modified_gmt":"2021-08-28T16:14:39","slug":"covid-19-maroc-la-situation-epidemiologique-au-28-aout-2021-a-16h00","status":"publish","type":"post","link":"https:\/\/linitiative.ca\/International\/covid-19-maroc-la-situation-epidemiologique-au-28-aout-2021-a-16h00\/","title":{"rendered":"COVID-19 \/ Maroc : La situation \u00e9pid\u00e9miologique au 28 ao\u00fbt 2021 \u00e0 16H00"},"content":{"rendered":"<div>\n<p><img decoding=\"async\" width=\"300\" height=\"153\" src=\"https:\/\/linitiative.ca\/International\/wp-content\/uploads\/sites\/23\/2021\/08\/Covid19-coronavirus-test-300x153-1.jpg\" class=\"attachment-medium size-medium wp-post-image\" alt=\"\" loading=\"lazy\" srcset=\"\/\/aujourdhui.ma\/wp-content\/uploads\/2021\/07\/Covid19-coronavirus-test-300x153.jpg 300w, \/\/aujourdhui.ma\/wp-content\/uploads\/2021\/07\/Covid19-coronavirus-test-274x140.jpg 274w, \/\/aujourdhui.ma\/wp-content\/uploads\/2021\/07\/Covid19-coronavirus-test.jpg 746w, \/\/aujourdhui.ma\/wp-content\/uploads\/2021\/07\/Covid19-coronavirus-test-165x84.jpg 165w, \/\/aujourdhui.ma\/wp-content\/uploads\/2021\/07\/Covid19-coronavirus-test-702x358.jpg 702w\" sizes=\"auto, (max-width: 300px) 100vw, 300px\"><\/p>\n<p>6.175 nouveaux cas soit un cumul de 849.532 cas \u00e0 ce jour. 7.163 gu\u00e9risons soit un cumul de 773.619 \u00e0 ce jour. 93 nouveaux d\u00e9c\u00e8s donc un cumul de 12.361 \u00e0 ce jour.<span id=\"more-385305\"><\/span><\/p>\n<p><a href=\"https:\/\/linitiative.ca\/International\/wp-content\/uploads\/sites\/23\/2021\/08\/WhatsApp-Image-2021-08-28-at-17.08.35.jpeg\"><img decoding=\"async\" loading=\"lazy\" class=\"aligncenter size-full wp-image-385309\" src=\"https:\/\/linitiative.ca\/International\/wp-content\/uploads\/sites\/23\/2021\/08\/WhatsApp-Image-2021-08-28-at-17.08.35.jpeg\" alt=\"\" width=\"1108\" height=\"1450\" srcset=\"\/\/aujourdhui.ma\/wp-content\/uploads\/2021\/08\/WhatsApp-Image-2021-08-28-at-17.08.35.jpeg 1108w, \/\/aujourdhui.ma\/wp-content\/uploads\/2021\/08\/WhatsApp-Image-2021-08-28-at-17.08.35-229x300.jpeg 229w, \/\/aujourdhui.ma\/wp-content\/uploads\/2021\/08\/WhatsApp-Image-2021-08-28-at-17.08.35-782x1024.jpeg 782w, \/\/aujourdhui.ma\/wp-content\/uploads\/2021\/08\/WhatsApp-Image-2021-08-28-at-17.08.35-768x1005.jpeg 768w\" sizes=\"auto, (max-width: 1108px) 100vw, 1108px\"><\/a> <a href=\"https:\/\/linitiative.ca\/International\/wp-content\/uploads\/sites\/23\/2021\/08\/WhatsApp-Image-2021-08-28-at-17.09.26.jpeg\"><img decoding=\"async\" loading=\"lazy\" class=\"aligncenter size-full wp-image-385308\" src=\"https:\/\/linitiative.ca\/International\/wp-content\/uploads\/sites\/23\/2021\/08\/WhatsApp-Image-2021-08-28-at-17.09.26.jpeg\" alt=\"\" width=\"1170\" height=\"1542\" srcset=\"\/\/aujourdhui.ma\/wp-content\/uploads\/2021\/08\/WhatsApp-Image-2021-08-28-at-17.09.26.jpeg 1170w, \/\/aujourdhui.ma\/wp-content\/uploads\/2021\/08\/WhatsApp-Image-2021-08-28-at-17.09.26-228x300.jpeg 228w, \/\/aujourdhui.ma\/wp-content\/uploads\/2021\/08\/WhatsApp-Image-2021-08-28-at-17.09.26-777x1024.jpeg 777w, \/\/aujourdhui.ma\/wp-content\/uploads\/2021\/08\/WhatsApp-Image-2021-08-28-at-17.09.26-768x1012.jpeg 768w, \/\/aujourdhui.ma\/wp-content\/uploads\/2021\/08\/WhatsApp-Image-2021-08-28-at-17.09.26-1165x1536.jpeg 1165w\" sizes=\"auto, (max-width: 1170px) 100vw, 1170px\"><\/a> <a href=\"https:\/\/linitiative.ca\/International\/wp-content\/uploads\/sites\/23\/2021\/08\/WhatsApp-Image-2021-08-28-at-17.10.04.jpeg\"><img decoding=\"async\" loading=\"lazy\" class=\"aligncenter size-full wp-image-385307\" src=\"https:\/\/linitiative.ca\/International\/wp-content\/uploads\/sites\/23\/2021\/08\/WhatsApp-Image-2021-08-28-at-17.10.04.jpeg\" alt=\"\" width=\"1170\" height=\"1577\" srcset=\"\/\/aujourdhui.ma\/wp-content\/uploads\/2021\/08\/WhatsApp-Image-2021-08-28-at-17.10.04.jpeg 1170w, \/\/aujourdhui.ma\/wp-content\/uploads\/2021\/08\/WhatsApp-Image-2021-08-28-at-17.10.04-223x300.jpeg 223w, \/\/aujourdhui.ma\/wp-content\/uploads\/2021\/08\/WhatsApp-Image-2021-08-28-at-17.10.04-760x1024.jpeg 760w, \/\/aujourdhui.ma\/wp-content\/uploads\/2021\/08\/WhatsApp-Image-2021-08-28-at-17.10.04-768x1035.jpeg 768w, \/\/aujourdhui.ma\/wp-content\/uploads\/2021\/08\/WhatsApp-Image-2021-08-28-at-17.10.04-1140x1536.jpeg 1140w\" sizes=\"auto, (max-width: 1170px) 100vw, 1170px\"><\/a> <a href=\"https:\/\/linitiative.ca\/International\/wp-content\/uploads\/sites\/23\/2021\/08\/WhatsApp-Image-2021-08-28-at-17.10.20.jpeg\"><img decoding=\"async\" loading=\"lazy\" class=\"aligncenter size-full wp-image-385306\" src=\"https:\/\/linitiative.ca\/International\/wp-content\/uploads\/sites\/23\/2021\/08\/WhatsApp-Image-2021-08-28-at-17.10.20.jpeg\" alt=\"\" width=\"875\" height=\"1600\" srcset=\"\/\/aujourdhui.ma\/wp-content\/uploads\/2021\/08\/WhatsApp-Image-2021-08-28-at-17.10.20.jpeg 875w, \/\/aujourdhui.ma\/wp-content\/uploads\/2021\/08\/WhatsApp-Image-2021-08-28-at-17.10.20-164x300.jpeg 164w, \/\/aujourdhui.ma\/wp-content\/uploads\/2021\/08\/WhatsApp-Image-2021-08-28-at-17.10.20-560x1024.jpeg 560w, \/\/aujourdhui.ma\/wp-content\/uploads\/2021\/08\/WhatsApp-Image-2021-08-28-at-17.10.20-768x1404.jpeg 768w, \/\/aujourdhui.ma\/wp-content\/uploads\/2021\/08\/WhatsApp-Image-2021-08-28-at-17.10.20-840x1536.jpeg 840w\" sizes=\"auto, (max-width: 875px) 100vw, 875px\"><\/a><\/p>\n<\/div>\n<p>Auteur: ALM<br \/>\n<a href=\"https:\/\/aujourdhui.ma\/actualite\/covid-19-maroc-la-situation-epidemiologique-au-28-aout-2021-a-16h00\">Cliquez ici pour lire l&rsquo;article depuis sa source.<\/a><\/p>\n","protected":false},"excerpt":{"rendered":"<p>6.175 nouveaux cas soit un cumul de 849.532 cas \u00e0 ce jour. 7.163 gu\u00e9risons soit un cumul de 773.619 \u00e0 ce jour. 93 nouveaux d\u00e9c\u00e8s donc un cumul de 12.361 \u00e0 ce jour. Auteur: ALM Cliquez ici pour lire l&rsquo;article depuis sa source.<\/p>\n","protected":false},"author":1759,"featured_media":0,"comment_status":"closed","ping_status":"closed","sticky":false,"template":"","format":"standard","meta":{"fifu_image_url":"https:\/\/aujourdhui.ma\/wp-content\/uploads\/2021\/07\/Covid19-coronavirus-test-300x153.jpg","fifu_image_alt":"COVID-19 \/ Maroc : La situation \u00e9pid\u00e9miologique au 28 ao\u00fbt 2021 \u00e0 16H00","footnotes":""},"categories":[73,54],"tags":[],"class_list":["post-125445","post","type-post","status-publish","format-standard","hentry","category-actualite","category-maroc"],"_links":{"self":[{"href":"https:\/\/linitiative.ca\/International\/wp-json\/wp\/v2\/posts\/125445","targetHints":{"allow":["GET"]}}],"collection":[{"href":"https:\/\/linitiative.ca\/International\/wp-json\/wp\/v2\/posts"}],"about":[{"href":"https:\/\/linitiative.ca\/International\/wp-json\/wp\/v2\/types\/post"}],"author":[{"embeddable":true,"href":"https:\/\/linitiative.ca\/International\/wp-json\/wp\/v2\/users\/1759"}],"replies":[{"embeddable":true,"href":"https:\/\/linitiative.ca\/International\/wp-json\/wp\/v2\/comments?post=125445"}],"version-history":[{"count":0,"href":"https:\/\/linitiative.ca\/International\/wp-json\/wp\/v2\/posts\/125445\/revisions"}],"wp:attachment":[{"href":"https:\/\/linitiative.ca\/International\/wp-json\/wp\/v2\/media?parent=125445"}],"wp:term":[{"taxonomy":"category","embeddable":true,"href":"https:\/\/linitiative.ca\/International\/wp-json\/wp\/v2\/categories?post=125445"},{"taxonomy":"post_tag","embeddable":true,"href":"https:\/\/linitiative.ca\/International\/wp-json\/wp\/v2\/tags?post=125445"}],"curies":[{"name":"wp","href":"https:\/\/api.w.org\/{rel}","templated":true}]}}