{"id":125453,"date":"2021-08-29T10:55:56","date_gmt":"2021-08-29T14:55:56","guid":{"rendered":"https:\/\/linitiative.ca\/International\/anapec-installation-de-mohamed-achiq-au-poste-de-directeur-general\/"},"modified":"2021-08-29T10:55:56","modified_gmt":"2021-08-29T14:55:56","slug":"anapec-installation-de-mohamed-achiq-au-poste-de-directeur-general","status":"publish","type":"post","link":"https:\/\/linitiative.ca\/International\/anapec-installation-de-mohamed-achiq-au-poste-de-directeur-general\/","title":{"rendered":"ANAPEC: installation de Mohamed Achiq au poste de directeur g\u00e9n\u00e9ral"},"content":{"rendered":"<div>\n<p class=\"has-vivid-cyan-blue-color has-text-color\"><strong>La c\u00e9r\u00e9monie d\u2019installation du nouveau directeur g\u00e9n\u00e9ral de l\u2019Agence nationale de promotion de l\u2019emploi et des comp\u00e9tences (ANAPEC), Mohamed Achiq, s\u2019est d\u00e9roul\u00e9e, jeudi au si\u00e8ge de l\u2019agence \u00e0 Rabat.<\/strong><\/p>\n<p>Cette c\u00e9r\u00e9monie a \u00e9t\u00e9 l\u2019occasion de f\u00e9liciter le nouveau directeur pour sa nomination et de remercier son pr\u00e9d\u00e9cesseur Yahya Oukach, pour ses efforts pendant la p\u00e9riode transitoire en tant que directeur g\u00e9n\u00e9ral par int\u00e9rim de cet op\u00e9rateur public de r\u00e9f\u00e9rence dans le domaine de l\u2019interm\u00e9diation en emploi et de l\u2019accompagnement des investisseurs et des entreprises, a indiqu\u00e9 le minist\u00e8re du Travail et de l\u2019Insertion professionnelle dans un communiqu\u00e9.<\/p>\n<p>L\u2019accent a, \u00e9galement, \u00e9t\u00e9 mis sur le contexte actuel caract\u00e9ris\u00e9 par la crise sanitaire de Covid-19 qui interpelle tous les op\u00e9rateurs publics \u00e0 doubler d\u2019efforts pour att\u00e9nuer l\u2019impact de la crise sur l\u2019\u00e9conomie, a soulign\u00e9 la m\u00eame source.<\/p>\n<p>Selon le minist\u00e8re, cette occasion constitue un nouveau point de d\u00e9part pour l\u2019ANAPEC afin de continuer \u00e0 mettre en \u0153uvre ses plans de d\u00e9veloppement, \u00e0 travers les projets et les programmes qu\u2019elle g\u00e8re dans toutes les r\u00e9gions du Royaume et \u00e0 renforcer ses liens et son ouvertures sur les potentialit\u00e9s du march\u00e9 de l\u2019emploi au Maroc, tout en s\u2019appuyant sur le support des diff\u00e9rents partenaires et op\u00e9rateurs dans l\u2019ultime but de r\u00e9pondre aux besoins du citoyen marocain et de l\u2019entreprise marocaine et participer au d\u00e9veloppement durable.<\/p>\n<p>A cette occasion, M. Achiq a exprim\u00e9 sa confiance en l\u2019expertise, le professionnalisme et le savoir-faire que les ressources humaines de l\u2019ANAPEC ont capitalis\u00e9 depuis sa cr\u00e9ation, soulignant les axes majeurs \u00e0 m\u00eame de renforcer encore plus son positionnement en tant qu\u2019op\u00e9rateur de r\u00e9f\u00e9rence sur le march\u00e9 de l\u2019emploi.<\/p>\n<p>L\u2019agence est attendue, en tant qu\u2019\u00e9tablissement public, \u00e0 apporter une r\u00e9ponse adapt\u00e9e et ponctuelle au droit constitutionnel des citoyens d\u2019int\u00e9grer la vie active, ou d\u2019avoir acc\u00e8s aux ressources humaines qualifi\u00e9es dans le cas des investisseurs et des entreprises, a-t-il poursuivi, soulignant la n\u00e9cessit\u00e9 d\u2019assurer l\u2019\u00e9quit\u00e9 entre les diff\u00e9rentes r\u00e9gions et territoires du Royaume en termes d\u2019acc\u00e8s aux prestations et \u00e0 l\u2019accompagnement.<\/p>\n<p>Mohamed Achiq, n\u00e9 en 1965 \u00e0 Casablanca et p\u00e8re de deux enfants, est titulaire d\u2019un doctorat de l\u2019Ecole nationale sup\u00e9rieure des mines de Paris en 1995, et d\u2019un dipl\u00f4me d\u2019ing\u00e9nieur en informatiques de l\u2019Ecole nationale sup\u00e9rieure d\u2019\u00e9lectronique et de radio\u00e9lectricit\u00e9 de Bordeaux, obtenu en 1991.<\/p>\n<p>Avant sa nomination en tant que directeur g\u00e9n\u00e9ral de l\u2019ANAPEC en ao\u00fbt 2021, il occupait le poste de directeur g\u00e9n\u00e9ral des services de la r\u00e9gion de Rabat-Sal\u00e9-K\u00e9nitra, ainsi que plusieurs postes de responsabilit\u00e9s au minist\u00e8re de l\u2019Economie et des Finances.<\/p>\n<p>Durant ce parcours professionnel, il a accumul\u00e9 un savoir-faire important dans les domaines de la r\u00e9forme de l\u2019Etat et la gouvernance publique, la d\u00e9centralisation et la gouvernance des territoires et les finances et les politiques publiques, conclut le communiqu\u00e9.<\/p>\n<p>L\u2019article <a rel=\"nofollow\" href=\"http:\/\/albayane.press.ma\/anapec-installation-de-mohamed-achiq-au-poste-de-directeur-general.html\">ANAPEC: installation de Mohamed Achiq au poste de directeur g\u00e9n\u00e9ral<\/a> est apparu en premier sur <a rel=\"nofollow\" href=\"http:\/\/albayane.press.ma\/\">ALBAYANE<\/a>.<\/p>\n<\/div>\n<p>Auteur: M&rsquo;hammed rahal<br \/>\n<a href=\"http:\/\/albayane.press.ma\/anapec-installation-de-mohamed-achiq-au-poste-de-directeur-general.html\">Cliquez ici pour lire l&rsquo;article depuis sa source.<\/a><\/p>\n","protected":false},"excerpt":{"rendered":"<p>La c\u00e9r\u00e9monie d\u2019installation du nouveau directeur g\u00e9n\u00e9ral de l\u2019Agence nationale de promotion de l\u2019emploi et des comp\u00e9tences (ANAPEC), Mohamed Achiq, s\u2019est d\u00e9roul\u00e9e, jeudi au si\u00e8ge de l\u2019agence \u00e0 Rabat. Cette c\u00e9r\u00e9monie a \u00e9t\u00e9 l\u2019occasion de f\u00e9liciter le nouveau directeur pour sa nomination et de remercier son pr\u00e9d\u00e9cesseur Yahya Oukach, pour ses efforts pendant la p\u00e9riode [&hellip;]<\/p>\n","protected":false},"author":1760,"featured_media":0,"comment_status":"closed","ping_status":"closed","sticky":false,"template":"","format":"standard","meta":{"fifu_image_url":"","fifu_image_alt":"","footnotes":""},"categories":[73,54],"tags":[],"class_list":["post-125453","post","type-post","status-publish","format-standard","hentry","category-actualite","category-maroc"],"_links":{"self":[{"href":"https:\/\/linitiative.ca\/International\/wp-json\/wp\/v2\/posts\/125453","targetHints":{"allow":["GET"]}}],"collection":[{"href":"https:\/\/linitiative.ca\/International\/wp-json\/wp\/v2\/posts"}],"about":[{"href":"https:\/\/linitiative.ca\/International\/wp-json\/wp\/v2\/types\/post"}],"author":[{"embeddable":true,"href":"https:\/\/linitiative.ca\/International\/wp-json\/wp\/v2\/users\/1760"}],"replies":[{"embeddable":true,"href":"https:\/\/linitiative.ca\/International\/wp-json\/wp\/v2\/comments?post=125453"}],"version-history":[{"count":0,"href":"https:\/\/linitiative.ca\/International\/wp-json\/wp\/v2\/posts\/125453\/revisions"}],"wp:attachment":[{"href":"https:\/\/linitiative.ca\/International\/wp-json\/wp\/v2\/media?parent=125453"}],"wp:term":[{"taxonomy":"category","embeddable":true,"href":"https:\/\/linitiative.ca\/International\/wp-json\/wp\/v2\/categories?post=125453"},{"taxonomy":"post_tag","embeddable":true,"href":"https:\/\/linitiative.ca\/International\/wp-json\/wp\/v2\/tags?post=125453"}],"curies":[{"name":"wp","href":"https:\/\/api.w.org\/{rel}","templated":true}]}}