{"id":125456,"date":"2021-08-29T11:29:53","date_gmt":"2021-08-29T15:29:53","guid":{"rendered":"https:\/\/linitiative.ca\/International\/le-pps-a-couvert-presque-toutes-les-circonscriptions-electorales-legislatives-feminines-et-regionales\/"},"modified":"2021-08-29T11:29:53","modified_gmt":"2021-08-29T15:29:53","slug":"le-pps-a-couvert-presque-toutes-les-circonscriptions-electorales-legislatives-feminines-et-regionales","status":"publish","type":"post","link":"https:\/\/linitiative.ca\/International\/le-pps-a-couvert-presque-toutes-les-circonscriptions-electorales-legislatives-feminines-et-regionales\/","title":{"rendered":"Le PPS a couvert presque toutes les circonscriptions \u00e9lectorales l\u00e9gislatives f\u00e9minines et r\u00e9gionales"},"content":{"rendered":"<div>\n<p class=\"has-text-align-center has-vivid-red-color has-text-color\"><strong>L\u2019Int\u00e9rieur publie les statistiques des candidatures pr\u00e9sent\u00e9es \u00e0 l\u2019\u00e9chelle nationale<\/strong><\/p>\n<p class=\"has-vivid-cyan-blue-color has-text-color\"><strong>Le nombre des listes de candidatures pr\u00e9sent\u00e9es \u00e0 l\u2019\u00e9chelle nationale pour l\u2019\u00e9lection des membres de la Chambre des repr\u00e9sentants, au titre de l\u2019ensemble des circonscriptions locales et des circonscriptions \u00e9lectorales r\u00e9gionales, s\u2019\u00e9l\u00e8ve \u00e0 1.704, indique un communiqu\u00e9 du ministre de l\u2019Int\u00e9rieur.<\/strong><\/p>\n<p>Selon les donn\u00e9es provisoires relatives aux candidatures d\u00e9pos\u00e9es pour l\u2019\u00e9lection des membres de la Chambre des repr\u00e9sentants, recueillies au terme de la p\u00e9riode consacr\u00e9e au d\u00e9p\u00f4t des d\u00e9clarations de candidature, le nombre des listes de candidatures pr\u00e9sent\u00e9es \u00e0 l\u2019\u00e9chelle nationale au titre de l\u2019ensemble des circonscriptions locales et des circonscriptions \u00e9lectorales r\u00e9gionales s\u2019\u00e9l\u00e8ve \u00e0 1.704, pour un total de 6.815 candidatures, avec une moyenne nationale de plus de 17 candidatures par si\u00e8ge, selon la m\u00eame source.<\/p>\n<p>Quant au nombre des candidatures d\u00e9pos\u00e9es au niveau national, au titre de l\u2019\u00e9lection des membres des conseils des communes et d\u2019arrondissements pr\u00e9vue le 8 septembre prochain, il s\u2019\u00e9l\u00e8ve \u00e0 157.569, dont 62.793 sous forme de listes et 94.776 sous forme de candidatures individuelles, soit une moyenne nationale de pr\u00e8s de 5 candidatures pour chaque si\u00e8ge, contre 130.925 candidatures en 2015, en hausse de plus de 20%, indique un communiqu\u00e9 du ministre de l\u2019Int\u00e9rieur.<\/p>\n<p>Enfin, le nombre des listes de candidatures d\u00e9pos\u00e9es pour l\u2019\u00e9lection des membres des Conseils r\u00e9gionaux, comprenant 678 si\u00e8ges, a atteint 1.123, a indiqu\u00e9 un communiqu\u00e9 du ministre de l\u2019Int\u00e9rieur. Ces listes comportent 9.892 candidatures, soit 15 candidats par si\u00e8ge, dont 3.936 sont des femmes (soit 40%), a pr\u00e9cis\u00e9 la m\u00eame source, ajoutant que le nombre des Conseillers r\u00e9gionaux qui ont d\u00e9pos\u00e9 leurs candidatures pour l\u2019\u00e9lection r\u00e9gionale est de 300, soit 44,24% des membres exer\u00e7ant leurs fonctions actuellement, selon la m\u00eame source.<\/p>\n<p>L\u2019article <a rel=\"nofollow\" href=\"http:\/\/albayane.press.ma\/le-pps-a-couvert-presque-toutes-les-circonscriptions-electorales-legislatives-feminines-et-regionales.html\">Le PPS a couvert presque toutes les circonscriptions \u00e9lectorales l\u00e9gislatives f\u00e9minines et r\u00e9gionales<\/a> est apparu en premier sur <a rel=\"nofollow\" href=\"http:\/\/albayane.press.ma\/\">ALBAYANE<\/a>.<\/p>\n<\/div>\n<p>Auteur: M&rsquo;hammed rahal<br \/>\n<a href=\"http:\/\/albayane.press.ma\/le-pps-a-couvert-presque-toutes-les-circonscriptions-electorales-legislatives-feminines-et-regionales.html\">Cliquez ici pour lire l&rsquo;article depuis sa source.<\/a><\/p>\n","protected":false},"excerpt":{"rendered":"<p>L\u2019Int\u00e9rieur publie les statistiques des candidatures pr\u00e9sent\u00e9es \u00e0 l\u2019\u00e9chelle nationale Le nombre des listes de candidatures pr\u00e9sent\u00e9es \u00e0 l\u2019\u00e9chelle nationale pour l\u2019\u00e9lection des membres de la Chambre des repr\u00e9sentants, au titre de l\u2019ensemble des circonscriptions locales et des circonscriptions \u00e9lectorales r\u00e9gionales, s\u2019\u00e9l\u00e8ve \u00e0 1.704, indique un communiqu\u00e9 du ministre de l\u2019Int\u00e9rieur. Selon les donn\u00e9es provisoires [&hellip;]<\/p>\n","protected":false},"author":1760,"featured_media":0,"comment_status":"closed","ping_status":"closed","sticky":false,"template":"","format":"standard","meta":{"fifu_image_url":"","fifu_image_alt":"","footnotes":""},"categories":[73,54],"tags":[],"class_list":["post-125456","post","type-post","status-publish","format-standard","hentry","category-actualite","category-maroc"],"_links":{"self":[{"href":"https:\/\/linitiative.ca\/International\/wp-json\/wp\/v2\/posts\/125456","targetHints":{"allow":["GET"]}}],"collection":[{"href":"https:\/\/linitiative.ca\/International\/wp-json\/wp\/v2\/posts"}],"about":[{"href":"https:\/\/linitiative.ca\/International\/wp-json\/wp\/v2\/types\/post"}],"author":[{"embeddable":true,"href":"https:\/\/linitiative.ca\/International\/wp-json\/wp\/v2\/users\/1760"}],"replies":[{"embeddable":true,"href":"https:\/\/linitiative.ca\/International\/wp-json\/wp\/v2\/comments?post=125456"}],"version-history":[{"count":0,"href":"https:\/\/linitiative.ca\/International\/wp-json\/wp\/v2\/posts\/125456\/revisions"}],"wp:attachment":[{"href":"https:\/\/linitiative.ca\/International\/wp-json\/wp\/v2\/media?parent=125456"}],"wp:term":[{"taxonomy":"category","embeddable":true,"href":"https:\/\/linitiative.ca\/International\/wp-json\/wp\/v2\/categories?post=125456"},{"taxonomy":"post_tag","embeddable":true,"href":"https:\/\/linitiative.ca\/International\/wp-json\/wp\/v2\/tags?post=125456"}],"curies":[{"name":"wp","href":"https:\/\/api.w.org\/{rel}","templated":true}]}}