{"id":125457,"date":"2021-08-29T11:33:01","date_gmt":"2021-08-29T15:33:01","guid":{"rendered":"https:\/\/linitiative.ca\/International\/le-sg-du-pps-conduit-sa-campagne-electorale-a-hay-riad-et-au-quartier-locean\/"},"modified":"2021-08-29T11:33:01","modified_gmt":"2021-08-29T15:33:01","slug":"le-sg-du-pps-conduit-sa-campagne-electorale-a-hay-riad-et-au-quartier-locean","status":"publish","type":"post","link":"https:\/\/linitiative.ca\/International\/le-sg-du-pps-conduit-sa-campagne-electorale-a-hay-riad-et-au-quartier-locean\/","title":{"rendered":"Le SG du PPS conduit sa campagne \u00e9lectorale \u00e0 Hay Riad et au quartier l\u2019Oc\u00e9an"},"content":{"rendered":"<div>\n<p class=\"has-text-align-center has-vivid-red-color has-text-color\">Candidat PPS \u00e0 Rabat-Oc\u00e9an<\/p>\n<p class=\"has-vivid-cyan-blue-color has-text-color\"><strong>Le Parti du Progr\u00e8s et du Socialisme a organis\u00e9, dimanche, sous la conduite de son Secr\u00e9taire G\u00e9n\u00e9ral, Mohammed Nabil Benadballah, candidat au titre de la circonscription l\u00e9gislative Rabat-Oc\u00e9an, une tourn\u00e9e \u00e0 Hay Riad dans le cadre de la campagne \u00e9lectorale, men\u00e9e par le PPS dans les diff\u00e9rentes circonscriptions au niveau national.<\/strong><\/p>\n<p>Au cours de cette tourn\u00e9e, le Secr\u00e9taire G\u00e9n\u00e9ral \u00e9tait accompagn\u00e9 der Lhousein Louardi, Abdelahed Fassi Fihri, Mustapha Addichane et Azzouz Senhaji, membres du bureau politique et Nadia Touhami, \u00e9galement membre du bureau politique et t\u00eate de liste r\u00e9gionale \u00e0 Rabat-Sal\u00e9-K\u00e9nitra et par plusieurs autres militantes, candidates et candidats du parti dans les circonscriptions locales dans les arrondissements de Rabat-Agdal-Hassane et d\u2019autres arrondissements.<\/p>\n<p>Au cours de cette sortie, les militantes et les militants du parti, conduits le SG ont sillonn\u00e9 les rues \u00e0 Hay Riad o\u00f9 ils ont \u00e9t\u00e9 chaleureusement accueillis par les citoyennes et les citoyens, qui ont exprim\u00e9 pour la plupart d\u2019entre eux leur soutien \u00e0 la candidature du Secr\u00e9taire G\u00e9n\u00e9ral au titre de la circonscription de Rabat-Oc\u00e9an pour la Chambre des repr\u00e9sentants.<\/p>\n<p>R\u00e9agissant \u00e0 leurs propos de soutien, Benabdallah a soulign\u00e9 la volont\u00e9 du PPS de poursuivre avec la nouvelle g\u00e9n\u00e9ration de ses candidates et de ses candidats et de ses militants en g\u00e9n\u00e9ral la d\u00e9fense, le plaidoyer et le portage des causes des citoyennes et des citoyens dans les diff\u00e9rentes r\u00e9gions et provinces du pays dont Rabat.<\/p>\n<p>S\u2019adressant aux citoyennes et citoyens, il les de nouveau appel\u00e9s \u00e0 participer massivement aux scrutins du 8 septembre et \u00e0 voter pour les candidats du Parti du Livre, l\u2019un des partis nationaux qui ne comptent que sur le vote propre, sain et libre des citoyennes et des citoyens, qui aspirent \u00e0 un Maroc nouveau, au changement et au progr\u00e8s.<\/p>\n<p>Il leur a expliqu\u00e9 aussi que par leur vote massif, ceux qui boudent actuellement les \u00e9lections et la politique, ont la possibilit\u00e9 de changer le cours des \u00e9v\u00e8nements au profit des partis nationaux, comme le PPS qui appelle les citoyennes et les citoyens probes, droits \u00e0 agir pour contrer ceux qui essaient de s\u2019imposer \u00e0 travers l\u2019utilisation massive de l\u2019argent pour acheter \u00e9lecteurs et candidats.<\/p>\n<p>Le PPS comprend parfaitement la d\u00e9ception des citoyens lass\u00e9s par les promesses non tenues de candidats corrompus, dont les pratiques ont pouss\u00e9 les gens et en particulier les jeunes \u00e0 tourner le dos aux partis politiques et \u00e0 la politique en g\u00e9n\u00e9ral.<\/p>\n<p>L\u2019article <a rel=\"nofollow\" href=\"http:\/\/albayane.press.ma\/le-sg-du-pps-conduit-sa-campagne-electorale-a-hay-riad-et-au-quartier-locean.html\">Le SG du PPS conduit sa campagne \u00e9lectorale \u00e0 Hay Riad et au quartier l\u2019Oc\u00e9an<\/a> est apparu en premier sur <a rel=\"nofollow\" href=\"http:\/\/albayane.press.ma\/\">ALBAYANE<\/a>.<\/p>\n<\/div>\n<p>Auteur: M&rsquo;hammed rahal<br \/>\n<a href=\"http:\/\/albayane.press.ma\/le-sg-du-pps-conduit-sa-campagne-electorale-a-hay-riad-et-au-quartier-locean.html\">Cliquez ici pour lire l&rsquo;article depuis sa source.<\/a><\/p>\n","protected":false},"excerpt":{"rendered":"<p>Candidat PPS \u00e0 Rabat-Oc\u00e9an Le Parti du Progr\u00e8s et du Socialisme a organis\u00e9, dimanche, sous la conduite de son Secr\u00e9taire G\u00e9n\u00e9ral, Mohammed Nabil Benadballah, candidat au titre de la circonscription l\u00e9gislative Rabat-Oc\u00e9an, une tourn\u00e9e \u00e0 Hay Riad dans le cadre de la campagne \u00e9lectorale, men\u00e9e par le PPS dans les diff\u00e9rentes circonscriptions au niveau national. [&hellip;]<\/p>\n","protected":false},"author":1760,"featured_media":0,"comment_status":"closed","ping_status":"closed","sticky":false,"template":"","format":"standard","meta":{"fifu_image_url":"","fifu_image_alt":"","footnotes":""},"categories":[73,54],"tags":[],"class_list":["post-125457","post","type-post","status-publish","format-standard","hentry","category-actualite","category-maroc"],"_links":{"self":[{"href":"https:\/\/linitiative.ca\/International\/wp-json\/wp\/v2\/posts\/125457","targetHints":{"allow":["GET"]}}],"collection":[{"href":"https:\/\/linitiative.ca\/International\/wp-json\/wp\/v2\/posts"}],"about":[{"href":"https:\/\/linitiative.ca\/International\/wp-json\/wp\/v2\/types\/post"}],"author":[{"embeddable":true,"href":"https:\/\/linitiative.ca\/International\/wp-json\/wp\/v2\/users\/1760"}],"replies":[{"embeddable":true,"href":"https:\/\/linitiative.ca\/International\/wp-json\/wp\/v2\/comments?post=125457"}],"version-history":[{"count":0,"href":"https:\/\/linitiative.ca\/International\/wp-json\/wp\/v2\/posts\/125457\/revisions"}],"wp:attachment":[{"href":"https:\/\/linitiative.ca\/International\/wp-json\/wp\/v2\/media?parent=125457"}],"wp:term":[{"taxonomy":"category","embeddable":true,"href":"https:\/\/linitiative.ca\/International\/wp-json\/wp\/v2\/categories?post=125457"},{"taxonomy":"post_tag","embeddable":true,"href":"https:\/\/linitiative.ca\/International\/wp-json\/wp\/v2\/tags?post=125457"}],"curies":[{"name":"wp","href":"https:\/\/api.w.org\/{rel}","templated":true}]}}