{"id":125458,"date":"2021-08-29T11:40:00","date_gmt":"2021-08-29T15:40:00","guid":{"rendered":"https:\/\/linitiative.ca\/International\/actualise-lhomme-daffaire-tunisien-nabil-karoui-arrete-a-tebessa\/"},"modified":"2021-08-29T11:40:00","modified_gmt":"2021-08-29T15:40:00","slug":"actualise-lhomme-daffaire-tunisien-nabil-karoui-arrete-a-tebessa","status":"publish","type":"post","link":"https:\/\/linitiative.ca\/International\/actualise-lhomme-daffaire-tunisien-nabil-karoui-arrete-a-tebessa\/","title":{"rendered":"[Actualis\u00e9] L&rsquo;homme d&rsquo;affaire tunisien, Nabil Karoui arr\u00eat\u00e9 \u00e0 Tebessa"},"content":{"rendered":"<div>L&rsquo;homme d&rsquo;affaire et fondateur du parti tunisien Qalb Tounes  Nabil Karoui, aurait \u00e9t\u00e9 arr\u00eat\u00e9 ce dimanche \u00e0 Tebessa, affirment plusieurs m\u00e9dias tunisiens et alg\u00e9riens.<\/div>\n<p>Auteur:<br \/>\n<a href=\"https:\/\/www.liberte-algerie.com\/actualite\/actualise-lhomme-daffaire-tunisien-nabil-karoui-arrete-a-tebessa-364104\">Cliquez ici pour lire l&rsquo;article depuis sa source.<\/a><\/p>\n","protected":false},"excerpt":{"rendered":"<p>L&rsquo;homme d&rsquo;affaire et fondateur du parti tunisien Qalb Tounes Nabil Karoui, aurait \u00e9t\u00e9 arr\u00eat\u00e9 ce dimanche \u00e0 Tebessa, affirment plusieurs m\u00e9dias tunisiens et alg\u00e9riens. Auteur: Cliquez ici pour lire l&rsquo;article depuis sa source.<\/p>\n","protected":false},"author":1742,"featured_media":0,"comment_status":"closed","ping_status":"closed","sticky":false,"template":"","format":"standard","meta":{"fifu_image_url":"","fifu_image_alt":"","footnotes":""},"categories":[73,53],"tags":[],"class_list":["post-125458","post","type-post","status-publish","format-standard","hentry","category-actualite","category-algerie"],"_links":{"self":[{"href":"https:\/\/linitiative.ca\/International\/wp-json\/wp\/v2\/posts\/125458","targetHints":{"allow":["GET"]}}],"collection":[{"href":"https:\/\/linitiative.ca\/International\/wp-json\/wp\/v2\/posts"}],"about":[{"href":"https:\/\/linitiative.ca\/International\/wp-json\/wp\/v2\/types\/post"}],"author":[{"embeddable":true,"href":"https:\/\/linitiative.ca\/International\/wp-json\/wp\/v2\/users\/1742"}],"replies":[{"embeddable":true,"href":"https:\/\/linitiative.ca\/International\/wp-json\/wp\/v2\/comments?post=125458"}],"version-history":[{"count":0,"href":"https:\/\/linitiative.ca\/International\/wp-json\/wp\/v2\/posts\/125458\/revisions"}],"wp:attachment":[{"href":"https:\/\/linitiative.ca\/International\/wp-json\/wp\/v2\/media?parent=125458"}],"wp:term":[{"taxonomy":"category","embeddable":true,"href":"https:\/\/linitiative.ca\/International\/wp-json\/wp\/v2\/categories?post=125458"},{"taxonomy":"post_tag","embeddable":true,"href":"https:\/\/linitiative.ca\/International\/wp-json\/wp\/v2\/tags?post=125458"}],"curies":[{"name":"wp","href":"https:\/\/api.w.org\/{rel}","templated":true}]}}