{"id":125461,"date":"2021-08-29T04:01:04","date_gmt":"2021-08-29T08:01:04","guid":{"rendered":"https:\/\/linitiative.ca\/International\/previsions-meteorologiques-pour-le-dimanche-29-aout\/"},"modified":"2021-08-29T04:01:04","modified_gmt":"2021-08-29T08:01:04","slug":"previsions-meteorologiques-pour-le-dimanche-29-aout","status":"publish","type":"post","link":"https:\/\/linitiative.ca\/International\/previsions-meteorologiques-pour-le-dimanche-29-aout\/","title":{"rendered":"Pr\u00e9visions m\u00e9t\u00e9orologiques pour le dimanche 29 ao\u00fbt"},"content":{"rendered":"<div>\n<div style=\"margin-bottom:20px;\"><img loading=\"lazy\" decoding=\"async\" width=\"582\" height=\"386\" src=\"https:\/\/linitiative.ca\/International\/wp-content\/uploads\/sites\/23\/2021\/08\/lever-du-soleil.jpg\" class=\"attachment-post-thumbnail size-post-thumbnail wp-post-image\" alt=\"\" srcset=\"https:\/\/linitiative.ca\/International\/wp-content\/uploads\/sites\/23\/2021\/08\/lever-du-soleil.jpg 582w, http:\/\/www.mapmarrakech.ma\/map\/uploads\/2021\/08\/lever-du-soleil-300x199.jpg 300w\" sizes=\"auto, (max-width: 582px) 100vw, 582px\"><\/div>\n<p>\u2014\u00a0 Formations brumeuses ou bruines matinales et nocturnes sur les c\u00f4tes et les plaines atlantiques .<\/p>\n<p>\u2014 Nuages instables sur l\u2019Atlas, l\u2019Oriental et le Sud avec quelques averses orageuses.<\/p>\n<p>\u2014 Rafales de vent assez fortes sur les c\u00f4tes Centre et le Sud avec des chasse-sables par endroits.<\/p>\n<p>\u2014 Temp\u00e9ratures minimales de l\u2019ordre de 26\/32\u00b0 sur le Sud-Est et l\u2019Est et le Sud des provinces Sahariennes, 14\/19\u00b0C sur l\u2019Atlas et de 18\/26\u00b0C partout ailleurs.<\/p>\n<p>\u2014 Temp\u00e9ratures maximales de l\u2019ordre de 38\/44\u00b0C sur le Sud-Est et les parties Est et Sud des provinces Sahariennes, 24\/31\u00b0C sur l\u2019Atlas, le Rif, le Tang\u00e9rois, l\u2019Orientalet pr\u00e8s des c\u00f4tes et de 31\/38\u00b0C partout ailleurs.<\/p>\n<p>\u2014 Mer peu agit\u00e9e \u00e0 agit\u00e9e sur la M\u00e9diterran\u00e9e, peu agit\u00e9e sur le D\u00e9troit et entre Cap Spartel et Safi, et peu agit\u00e9e \u00e0 agit\u00e9e ailleurs.\u0642\u00e9<\/p>\n<p>The post <a rel=\"nofollow\" href=\"http:\/\/www.mapmarrakech.ma\/fr\/previsions-meteorologiques-pour-le-dimanche-29-aout\/\">Pr\u00e9visions m\u00e9t\u00e9orologiques pour le dimanche 29 ao\u00fbt<\/a> appeared first on <a rel=\"nofollow\" href=\"http:\/\/www.mapmarrakech.ma\/fr\">MapMarrakech<\/a>.<\/p>\n<\/div>\n<p>Auteur: Mohammed KOURSI<br \/>\n<a href=\"http:\/\/www.mapmarrakech.ma\/fr\/previsions-meteorologiques-pour-le-dimanche-29-aout\/\">Cliquez ici pour lire l&rsquo;article depuis sa source.<\/a><\/p>\n","protected":false},"excerpt":{"rendered":"<p>\u2014\u00a0 Formations brumeuses ou bruines matinales et nocturnes sur les c\u00f4tes et les plaines atlantiques . \u2014 Nuages instables sur l\u2019Atlas, l\u2019Oriental et le Sud avec quelques averses orageuses. \u2014 Rafales de vent assez fortes sur les c\u00f4tes Centre et le Sud avec des chasse-sables par endroits. \u2014 Temp\u00e9ratures minimales de l\u2019ordre de 26\/32\u00b0 sur [&hellip;]<\/p>\n","protected":false},"author":1788,"featured_media":0,"comment_status":"closed","ping_status":"closed","sticky":false,"template":"","format":"standard","meta":{"fifu_image_url":"http:\/\/www.mapmarrakech.ma\/map\/uploads\/2021\/08\/lever-du-soleil.jpg","fifu_image_alt":"Pr\u00e9visions m\u00e9t\u00e9orologiques pour le dimanche 29 ao\u00fbt","footnotes":""},"categories":[54,76],"tags":[],"class_list":["post-125461","post","type-post","status-publish","format-standard","hentry","category-maroc","category-regions"],"_links":{"self":[{"href":"https:\/\/linitiative.ca\/International\/wp-json\/wp\/v2\/posts\/125461","targetHints":{"allow":["GET"]}}],"collection":[{"href":"https:\/\/linitiative.ca\/International\/wp-json\/wp\/v2\/posts"}],"about":[{"href":"https:\/\/linitiative.ca\/International\/wp-json\/wp\/v2\/types\/post"}],"author":[{"embeddable":true,"href":"https:\/\/linitiative.ca\/International\/wp-json\/wp\/v2\/users\/1788"}],"replies":[{"embeddable":true,"href":"https:\/\/linitiative.ca\/International\/wp-json\/wp\/v2\/comments?post=125461"}],"version-history":[{"count":0,"href":"https:\/\/linitiative.ca\/International\/wp-json\/wp\/v2\/posts\/125461\/revisions"}],"wp:attachment":[{"href":"https:\/\/linitiative.ca\/International\/wp-json\/wp\/v2\/media?parent=125461"}],"wp:term":[{"taxonomy":"category","embeddable":true,"href":"https:\/\/linitiative.ca\/International\/wp-json\/wp\/v2\/categories?post=125461"},{"taxonomy":"post_tag","embeddable":true,"href":"https:\/\/linitiative.ca\/International\/wp-json\/wp\/v2\/tags?post=125461"}],"curies":[{"name":"wp","href":"https:\/\/api.w.org\/{rel}","templated":true}]}}